{"id":47166,"date":"2019-07-18T17:18:04","date_gmt":"2019-07-18T21:18:04","guid":{"rendered":"https:\/\/linitiative.ca\/International\/odd-presentation-des-avancees-ivoiriennes-a-new-york\/"},"modified":"2019-07-18T17:18:04","modified_gmt":"2019-07-18T21:18:04","slug":"odd-presentation-des-avancees-ivoiriennes-a-new-york","status":"publish","type":"post","link":"https:\/\/linitiative.ca\/International\/odd-presentation-des-avancees-ivoiriennes-a-new-york\/","title":{"rendered":"ODD: pr\u00e9sentation des avanc\u00e9es ivoiriennes \u00e0 New York"},"content":{"rendered":"<div readability=\"32\">\n<p>Publi\u00e9 le 18.07.2019 \u00e0 22h18 par APA News<\/p>\n<\/div>\n<div readability=\"98\">\n<p>La premi\u00e8re Revue nationale volontaire (RNV) de mise en \u0153uvre des Objectifs de d\u00e9veloppement durable (ODD) de la C\u00f4te d\u2019Ivoire a \u00e9t\u00e9 pr\u00e9sent\u00e9e, \u00e0 New York par le ministre de l\u2019environnement et du d\u00e9veloppement durable, Pr Joseph S\u00e9ka S\u00e9ka lors d\u2019un forum politique.Selon une note d\u2019information du service communication de ce minist\u00e8re transmise, jeudi, \u00e0 APA, \u00ab ce rapport a \u00e9t\u00e9 pr\u00e9sent\u00e9 lors du Forum politique de haut niveau (FPHN) sur le d\u00e9veloppement durable, qui se tient \u00e0 \u00a0New York du 15 au 19 juillet 2019\u00bb.<\/p>\n<p>\u00a0Ce rapport rend \u00a0compte des avanc\u00e9es r\u00e9alis\u00e9es \u00a0au niveau des 17 ODD \u00a0 avec un accent particulier sur \u00a0les \u00a06 Objectifs \u00a0de d\u00e9veloppement durable retenus pour l\u2019\u00e9dition 2019.<\/p>\n<p>Il s\u2019agit de l\u2019ODD 4 pour \u00ab assurer l\u2019acc\u00e8s de tous \u00e0 une \u00e9ducation de qualit\u00e9, sur un pied d\u2019\u00e9galit\u00e9 et \u00e0 promouvoir les possibilit\u00e9s d\u2019apprentissage tout au long de la vie \u00bb, de \u00a0l\u2019ODD 8 pour un \u00ab travail d\u00e9cent et croissance durable\u00bb et de l\u2019ODD 10 qui est relatif \u00e0 la \u00ab r\u00e9duction des in\u00e9galit\u00e9s \u00bb.<\/p>\n<p>L\u2019ODD 13 qui parle des \u00ab mesures urgentes pour lutter contre les changements climatiques et leurs r\u00e9percussions \u00bb et \u00a0l\u2019ODD 16 relatif \u00e0 la \u00ab paix, \u00e0 la justice et aux institutions efficaces \u00bb \u00a0ainsi que l\u2019ODD 17 qui parle de \u00ab partenariat pour la r\u00e9alisation des objectifs \u00bb, sont \u00e9galement pris en compte dans ce rapport.\u00a0<\/p>\n<p>Apr\u00e8s l\u2019adoption de l\u2019agenda 2030 en septembre 2015, le gouvernement ivoirien, a engag\u00e9 le processus d\u2019appropriation des ODD selon une d\u00e9marche inclusive et participative avec l\u2019appui des partenaires techniques et financiers, en particulier les Nations Unies.<\/p>\n<p>Ce rapport \u00ab capitalise les conclusions des \u00e9tudes th\u00e9matiques et des rapports d\u2019\u00e9valuations, les consultations avec les parties prenantes, principalement la soci\u00e9t\u00e9 civile, le secteur priv\u00e9, les collectivit\u00e9s territoriales et les partenaires au d\u00e9veloppement de m\u00eame que les acquis des rapports de suivi de la mise en \u0153uvre du PND (Plan national de d\u00e9veloppement) \u00a02016-2020\u00bb, ajoute la m\u00eame note.<\/p>\n<p>Par ailleurs, \u00a0en marge de ce Forum de haut niveau, le ministre \u00a0Joseph S\u00e9ka S\u00e9ka a \u00a0pris part, mercredi, \u00e0 une conf\u00e9rence sur les in\u00e9galit\u00e9s et le climat, initi\u00e9e par \u00a0l\u2019Union europ\u00e9enne et la France.<\/p>\n<p>Les objectifs de d\u00e9veloppement durable sont un appel \u00e0 l\u2019action de tous les pays \u00a0(pauvres, riches et \u00e0 revenu interm\u00e9diaire) afin de promouvoir la prosp\u00e9rit\u00e9 tout en prot\u00e9geant la plan\u00e8te.<\/p>\n<p>Ils reconnaissent que mettre fin \u00e0 la pauvret\u00e9 doit aller de pair avec des strat\u00e9gies qui d\u00e9veloppent la croissance \u00e9conomique et r\u00e9pondent \u00e0 une s\u00e9rie de besoins sociaux, notamment l\u2019\u00e9ducation, la sant\u00e9, la protection sociale et les possibilit\u00e9s d\u2019emploi, tout en luttant contre le changement climatique et la protection de l\u2019environnement.<\/p>\n<\/div>\n<p>Auteur: APA News<br \/>\n<a href=\"https:\/\/www.journalducameroun.com\/odd-presentation-des-avancees-ivoiriennes-a-new-york\/\">Cliquez ici pour lire l&rsquo;article depuis sa source.<\/a><\/p>\n","protected":false},"excerpt":{"rendered":"<p>Publi\u00e9 le 18.07.2019 \u00e0 22h18 par APA News La premi\u00e8re Revue nationale volontaire (RNV) de mise en \u0153uvre des Objectifs de d\u00e9veloppement durable (ODD) de la C\u00f4te d\u2019Ivoire a \u00e9t\u00e9 pr\u00e9sent\u00e9e, \u00e0 New York par le ministre de l\u2019environnement et du d\u00e9veloppement durable, Pr Joseph S\u00e9ka S\u00e9ka lors d\u2019un forum politique.Selon une note d\u2019information du [&hellip;]<\/p>\n","protected":false},"author":1965,"featured_media":0,"comment_status":"closed","ping_status":"closed","sticky":false,"template":"","format":"standard","meta":{"fifu_image_url":"","fifu_image_alt":"","footnotes":""},"categories":[73,82],"tags":[],"class_list":["post-47166","post","type-post","status-publish","format-standard","hentry","category-actualite","category-cameroun"],"_links":{"self":[{"href":"https:\/\/linitiative.ca\/International\/wp-json\/wp\/v2\/posts\/47166","targetHints":{"allow":["GET"]}}],"collection":[{"href":"https:\/\/linitiative.ca\/International\/wp-json\/wp\/v2\/posts"}],"about":[{"href":"https:\/\/linitiative.ca\/International\/wp-json\/wp\/v2\/types\/post"}],"author":[{"embeddable":true,"href":"https:\/\/linitiative.ca\/International\/wp-json\/wp\/v2\/users\/1965"}],"replies":[{"embeddable":true,"href":"https:\/\/linitiative.ca\/International\/wp-json\/wp\/v2\/comments?post=47166"}],"version-history":[{"count":0,"href":"https:\/\/linitiative.ca\/International\/wp-json\/wp\/v2\/posts\/47166\/revisions"}],"wp:attachment":[{"href":"https:\/\/linitiative.ca\/International\/wp-json\/wp\/v2\/media?parent=47166"}],"wp:term":[{"taxonomy":"category","embeddable":true,"href":"https:\/\/linitiative.ca\/International\/wp-json\/wp\/v2\/categories?post=47166"},{"taxonomy":"post_tag","embeddable":true,"href":"https:\/\/linitiative.ca\/International\/wp-json\/wp\/v2\/tags?post=47166"}],"curies":[{"name":"wp","href":"https:\/\/api.w.org\/{rel}","templated":true}]}}