{"id":47191,"date":"2019-07-18T10:13:33","date_gmt":"2019-07-18T14:13:33","guid":{"rendered":"https:\/\/linitiative.ca\/International\/agriculture-baisse-de-regime-de-la-banane-au-cameroun\/"},"modified":"2019-07-18T10:13:33","modified_gmt":"2019-07-18T14:13:33","slug":"agriculture-baisse-de-regime-de-la-banane-au-cameroun","status":"publish","type":"post","link":"https:\/\/linitiative.ca\/International\/agriculture-baisse-de-regime-de-la-banane-au-cameroun\/","title":{"rendered":"Agriculture : baisse de r\u00e9gime de la Banane au Cameroun"},"content":{"rendered":"<div class=\"featured-area featured-area-inner\"><img loading=\"lazy\" decoding=\"async\" width=\"780\" height=\"405\" src=\"https:\/\/i0.wp.com\/ecomatin.net\/wp-content\/uploads\/2019\/07\/ecomatin.net-agriculture-baisse-de-regime-de-la-banane-au-cameroun-bananes.jpg?resize=780%2C405&#038;ssl=1&#038;is-pending-load=1\" class=\"attachment-jannah-image-post size-jannah-image-post wp-post-image jetpack-lazy-image\" alt=\"\" data-attachment-id=\"9987\" data-permalink=\"https:\/\/ecomatin.net\/agriculture-baisse-de-regime-de-la-banane-au-cameroun\/bananes-2\/\" data-orig-file=\"https:\/\/i0.wp.com\/ecomatin.net\/wp-content\/uploads\/2019\/07\/ecomatin.net-agriculture-baisse-de-regime-de-la-banane-au-cameroun-bananes.jpg?fit=1024%2C575&#038;ssl=1\" data-orig-size=\"1024,575\" data-comments-opened=\"0\" data-image-meta=\"{\"aperture\":\"0\",\"credit\":\"\",\"camera\":\"\",\"caption\":\"\",\"created_timestamp\":\"0\",\"copyright\":\"\",\"focal_length\":\"0\",\"iso\":\"0\",\"shutter_speed\":\"0\",\"title\":\"\",\"orientation\":\"0\"}\" data-image-title=\"Bananes\" data-image-description=\"\" data-medium-file=\"https:\/\/i0.wp.com\/ecomatin.net\/wp-content\/uploads\/2019\/07\/ecomatin.net-agriculture-baisse-de-regime-de-la-banane-au-cameroun-bananes.jpg?fit=300%2C168&#038;ssl=1\" data-large-file=\"https:\/\/i0.wp.com\/ecomatin.net\/wp-content\/uploads\/2019\/07\/ecomatin.net-agriculture-baisse-de-regime-de-la-banane-au-cameroun-bananes.jpg?fit=1024%2C575&#038;ssl=1\" srcset=\"data:image\/gif;base64,R0lGODlhAQABAIAAAAAAAP\/\/\/yH5BAEAAAAALAAAAAABAAEAAAIBRAA7\"\/><\/div>\n<div class=\"entry-content entry clearfix\" readability=\"69\">\n<p>Selon les statistiques publi\u00e9es par l\u2019<strong>Association banani\u00e8re du Cameroun (Assobacam),<\/strong> au cours des 06 premiers mois de l\u2019ann\u00e9e 2019, le Cameroun a export\u00e9 <strong>43 721 tonnes<\/strong> de bananes. Ce chiffre est en baisse de <strong>61%<\/strong> par rapport \u00e0 la m\u00eame p\u00e9riode en 2018. En effet, ces exportations \u00e9taient de <strong>113 600 tonnes<\/strong> au premier semestre de l\u2019an dernier, soit une chute de <strong>69 879 tonnes<\/strong> en valeur absolue.<\/p>\n<p>Cette baisse est cons\u00e9cutive \u00e0 la disparition de la <strong>Cameroon Development Corporation (CDC)<\/strong> du fichier des exportateurs de banane du Cameroun depuis le dernier trimestre de l\u2019ann\u00e9e 2018. En effet, la CDC, 2\u00e8me producteur de banane du pays apr\u00e8s la soci\u00e9t\u00e9 des <strong>Plantations du haut Penja (PHP)<\/strong>, paie le tribut de la crise qui s\u00e9vit dans les r\u00e9gions du <strong>Nord-Ouest<\/strong> et du <strong>Sud-Ouest<\/strong> depuis 2017. Harcel\u00e9s par les s\u00e9paratistes qui commettent des exactions dans ces deux parties du Cameroun depuis 2 ans, ses employ\u00e9s ont d\u00fb d\u00e9serter les plantations.<\/p>\n<p>Par ailleurs, m\u00eame si les performances de la soci\u00e9t\u00e9 des Plantations du Haut Penja (PHP), le leader du march\u00e9, et <strong>Boh Plantations<\/strong> ont augment\u00e9 par rapport \u00e0 2018, les statistiques de l\u2019Assobacam r\u00e9v\u00e8lent que leurs exportations sont en perp\u00e9tuelle baisse depuis janvier 2019. En effet, la premi\u00e8re n\u2019a pu exporter que <strong>13 000 tonnes<\/strong> de bananes \u00e0 fin juin 2019, contre pr\u00e8s de <strong>20 000 tonnes<\/strong> en janvier 2019, et la derni\u00e8re <strong>1184 tonnes<\/strong> contre <strong>1767<\/strong> dans le m\u00eame temps.<\/p>\n<p>La banane camerounaise \u00e9tant l\u2019un des principaux produits d\u2019exportations du Cameroun, la chute perp\u00e9tuelle des recettes risque creuser davantage le d\u00e9ficit de la balance commerciale. Pour rappel, c\u2019est le troisi\u00e8me produit d\u2019exportation du pays derri\u00e8re le p\u00e9trole qui repr\u00e9sente plus de <strong>40%<\/strong> des exportations totales du pays, et le bois en grumes ou sci\u00e9, qui repr\u00e9sente environ <strong>15%<\/strong> de l\u2019ensemble des exportations.<\/p>\n<div class=\"about-author about-author-box container-wrapper\">\n<div class=\"author-avatar\">\n<p><img decoding=\"async\" src=\"http:\/\/\" alt=\"\"\/><\/p>\n<\/div>\n<p><h4>La R\u00e9daction EcoMatin<\/h4>\n<\/p>\n<\/div>\n<div class=\"awac-wrapper awac widget blog_subscription-2\">\n<h4 class=\"widget-title\">Abonnez-vous \u00e0 notre lettre d&rsquo;information<\/h4>\n<\/div>\n<\/div>\n<div class=\"toggle-post-content clearfix\"><a id=\"toggle-post-button\" class=\"button\" href=\"#\">Afficher plus <\/a><\/div>\n<p>Auteur: EcoMatin<br \/>\n<a href=\"https:\/\/ecomatin.net\/agriculture-baisse-de-regime-de-la-banane-au-cameroun\/\">Cliquez ici pour lire l&rsquo;article depuis sa source.<\/a><\/p>\n","protected":false},"excerpt":{"rendered":"<p>Selon les statistiques publi\u00e9es par l\u2019Association banani\u00e8re du Cameroun (Assobacam), au cours des 06 premiers mois de l\u2019ann\u00e9e 2019, le Cameroun a export\u00e9 43 721 tonnes de bananes. Ce chiffre est en baisse de 61% par rapport \u00e0 la m\u00eame p\u00e9riode en 2018. En effet, ces exportations \u00e9taient de 113 600 tonnes au premier semestre [&hellip;]<\/p>\n","protected":false},"author":1969,"featured_media":0,"comment_status":"closed","ping_status":"closed","sticky":false,"template":"","format":"standard","meta":{"fifu_image_url":"","fifu_image_alt":"","footnotes":""},"categories":[82,78],"tags":[],"class_list":["post-47191","post","type-post","status-publish","format-standard","hentry","category-cameroun","category-economie"],"_links":{"self":[{"href":"https:\/\/linitiative.ca\/International\/wp-json\/wp\/v2\/posts\/47191","targetHints":{"allow":["GET"]}}],"collection":[{"href":"https:\/\/linitiative.ca\/International\/wp-json\/wp\/v2\/posts"}],"about":[{"href":"https:\/\/linitiative.ca\/International\/wp-json\/wp\/v2\/types\/post"}],"author":[{"embeddable":true,"href":"https:\/\/linitiative.ca\/International\/wp-json\/wp\/v2\/users\/1969"}],"replies":[{"embeddable":true,"href":"https:\/\/linitiative.ca\/International\/wp-json\/wp\/v2\/comments?post=47191"}],"version-history":[{"count":0,"href":"https:\/\/linitiative.ca\/International\/wp-json\/wp\/v2\/posts\/47191\/revisions"}],"wp:attachment":[{"href":"https:\/\/linitiative.ca\/International\/wp-json\/wp\/v2\/media?parent=47191"}],"wp:term":[{"taxonomy":"category","embeddable":true,"href":"https:\/\/linitiative.ca\/International\/wp-json\/wp\/v2\/categories?post=47191"},{"taxonomy":"post_tag","embeddable":true,"href":"https:\/\/linitiative.ca\/International\/wp-json\/wp\/v2\/tags?post=47191"}],"curies":[{"name":"wp","href":"https:\/\/api.w.org\/{rel}","templated":true}]}}