{"id":47193,"date":"2019-07-18T11:45:08","date_gmt":"2019-07-18T15:45:08","guid":{"rendered":"https:\/\/linitiative.ca\/International\/laurent-goutard-nouveau-dg-zone-afrique-de-societe-generale-des-septembre\/"},"modified":"2019-07-18T11:45:08","modified_gmt":"2019-07-18T15:45:08","slug":"laurent-goutard-nouveau-dg-zone-afrique-de-societe-generale-des-septembre","status":"publish","type":"post","link":"https:\/\/linitiative.ca\/International\/laurent-goutard-nouveau-dg-zone-afrique-de-societe-generale-des-septembre\/","title":{"rendered":"Laurent Goutard, nouveau DG zone Afrique de Soci\u00e9t\u00e9 G\u00e9n\u00e9rale d\u00e8s septembre"},"content":{"rendered":"<p><strong>Alexandre Maymat<\/strong>, ancien Directeur g\u00e9n\u00e9ral\u00a0 zone Afrique de la banque fran\u00e7aise Soci\u00e9t\u00e9 G\u00e9n\u00e9rale est all\u00e9 faire ses adieux \u00e0 <strong>Louis Paul Motaze<\/strong>, ministre des Finances. Il \u00e9tait accompagn\u00e9 de <strong>Laurent Goutard<\/strong>, qu\u2019il a pr\u00e9sent\u00e9 au Minfi comme son successeur.\u00a0 Nomm\u00e9 Directeur des r\u00e9seaux bancaires internationaux, r\u00e9gion Afrique, bassin m\u00e9diterran\u00e9en et outre-mer, Laurent Goutard prendra officiellement fonction le 1er septembre 2019.<\/p>\n<p>Comme son pr\u00e9d\u00e9cesseur,\u00a0 <strong>Laurent Goutard<\/strong>,\u00a0 a pour objectif \u00a0de contribuer au d\u00e9veloppement \u00e9conomique du Cameroun gr\u00e2ce aux op\u00e9rations de la Banque. Au cours de la visite, les deux personnalit\u00e9s ont pr\u00e9sent\u00e9 l\u2019initiative \u00ab\u2009<em>Grow With Africa<\/em>\u00a0\u00bb. Elle est d\u00e9di\u00e9e aux financements de grosses infrastructures comme les barrages. Le 3e secteur vis\u00e9 par la Banque est le d\u00e9veloppement des initiatives innovantes dans deux d\u2019activit\u00e9s essentielles : les \u00e9nergies renouvelables et l\u2019agriculture. Le dernier secteur, c\u2019est l\u2019inclusion financi\u00e8re \u00e0 travers la monnaie \u00e9lectronique.<\/p>\n<p>En effet le nouveau \u00a0connait parfaitement l\u2019environnement et les d\u00e9fis qui l\u2019interpellent. Puisqu\u2019il exerce \u00e0 Soci\u00e9t\u00e9 g\u00e9n\u00e9rale depuis 1986 pour travailler jusqu\u2019en 1993 au sein de l\u2019Inspection g\u00e9n\u00e9rale. Entre 1993 et 1998, il occupe divers postes de direction au sein du r\u00e9seau France, tout d\u2019abord comme <strong>Directeur Adjoint de l\u2019Agence Grandes Entreprises Paris-Op\u00e9ra<\/strong> puis comme Charg\u00e9 d\u2019Affaires \u00e0 la Direction des Grands Clients. De 1998 \u00e0 2004, il occupe les fonctions d\u2019<strong>Administrateur Directeur G\u00e9n\u00e9ral<\/strong> puis de <strong>Pr\u00e9sident du Directoire de la Soci\u00e9t\u00e9 G\u00e9n\u00e9rale Marocaine de Banques<\/strong>, filiale du Groupe au Maroc.<\/p>\n<p>En 2004, il rejoint la <strong>Komercni Banka<\/strong>, filiale du Groupe en <strong>R\u00e9publique Tch\u00e8que<\/strong>, comme Vice-Pr\u00e9sident du Directoire et Directeur g\u00e9n\u00e9ral d\u00e9l\u00e9gu\u00e9. En 2005, il est nomm\u00e9 Pr\u00e9sident du Directoire et Directeur G\u00e9n\u00e9ral de la <strong>Komercni Banka<\/strong>. En 2009 il est nomm\u00e9 <strong>Directeur de la Banque de D\u00e9tail Soci\u00e9t\u00e9 G\u00e9n\u00e9rale<\/strong> en France. En juillet 2019 il est nomm\u00e9 <strong>Directeur des r\u00e9seaux bancaires internationaux<\/strong>, r\u00e9gion Afrique, bassin m\u00e9diterran\u00e9en et outre-mer.<\/p>\n<div class=\"about-author about-author-box container-wrapper\">\n<div class=\"author-avatar\">\n<p><img decoding=\"async\" src=\"http:\/\/\" alt=\"\"\/><\/p>\n<\/div>\n<p><h4>La R\u00e9daction EcoMatin<\/h4>\n<\/p>\n<\/div>\n<div class=\"awac-wrapper awac widget blog_subscription-2\">\n<h4 class=\"widget-title\">Abonnez-vous \u00e0 notre lettre d&rsquo;information<\/h4>\n<\/div>\n<p>Auteur: EcoMatin<br \/>\n<a href=\"https:\/\/ecomatin.net\/laurent-goutard-nouveau-dg-zone-afrique-de-societe-generale-des-septembre\/\">Cliquez ici pour lire l&rsquo;article depuis sa source.<\/a><\/p>\n","protected":false},"excerpt":{"rendered":"<p>Alexandre Maymat, ancien Directeur g\u00e9n\u00e9ral\u00a0 zone Afrique de la banque fran\u00e7aise Soci\u00e9t\u00e9 G\u00e9n\u00e9rale est all\u00e9 faire ses adieux \u00e0 Louis Paul Motaze, ministre des Finances. Il \u00e9tait accompagn\u00e9 de Laurent Goutard, qu\u2019il a pr\u00e9sent\u00e9 au Minfi comme son successeur.\u00a0 Nomm\u00e9 Directeur des r\u00e9seaux bancaires internationaux, r\u00e9gion Afrique, bassin m\u00e9diterran\u00e9en et outre-mer, Laurent Goutard prendra officiellement [&hellip;]<\/p>\n","protected":false},"author":1969,"featured_media":0,"comment_status":"closed","ping_status":"closed","sticky":false,"template":"","format":"standard","meta":{"fifu_image_url":"","fifu_image_alt":"","footnotes":""},"categories":[82,78],"tags":[],"class_list":["post-47193","post","type-post","status-publish","format-standard","hentry","category-cameroun","category-economie"],"_links":{"self":[{"href":"https:\/\/linitiative.ca\/International\/wp-json\/wp\/v2\/posts\/47193","targetHints":{"allow":["GET"]}}],"collection":[{"href":"https:\/\/linitiative.ca\/International\/wp-json\/wp\/v2\/posts"}],"about":[{"href":"https:\/\/linitiative.ca\/International\/wp-json\/wp\/v2\/types\/post"}],"author":[{"embeddable":true,"href":"https:\/\/linitiative.ca\/International\/wp-json\/wp\/v2\/users\/1969"}],"replies":[{"embeddable":true,"href":"https:\/\/linitiative.ca\/International\/wp-json\/wp\/v2\/comments?post=47193"}],"version-history":[{"count":0,"href":"https:\/\/linitiative.ca\/International\/wp-json\/wp\/v2\/posts\/47193\/revisions"}],"wp:attachment":[{"href":"https:\/\/linitiative.ca\/International\/wp-json\/wp\/v2\/media?parent=47193"}],"wp:term":[{"taxonomy":"category","embeddable":true,"href":"https:\/\/linitiative.ca\/International\/wp-json\/wp\/v2\/categories?post=47193"},{"taxonomy":"post_tag","embeddable":true,"href":"https:\/\/linitiative.ca\/International\/wp-json\/wp\/v2\/tags?post=47193"}],"curies":[{"name":"wp","href":"https:\/\/api.w.org\/{rel}","templated":true}]}}