{"id":47194,"date":"2019-07-18T12:07:10","date_gmt":"2019-07-18T16:07:10","guid":{"rendered":"https:\/\/linitiative.ca\/International\/prison-de-kondengui-le-nouveau-regisseur-durcit-le-ton-contre-mebe-ngoo\/"},"modified":"2019-07-18T12:07:10","modified_gmt":"2019-07-18T16:07:10","slug":"prison-de-kondengui-le-nouveau-regisseur-durcit-le-ton-contre-mebe-ngoo","status":"publish","type":"post","link":"https:\/\/linitiative.ca\/International\/prison-de-kondengui-le-nouveau-regisseur-durcit-le-ton-contre-mebe-ngoo\/","title":{"rendered":"Prison de Kondengui: le nouveau r\u00e9gisseur durcit le ton contre Mebe Ngo\u2019o"},"content":{"rendered":"<div class=\"featured-area featured-area-inner\"><img loading=\"lazy\" decoding=\"async\" width=\"592\" height=\"296\" src=\"https:\/\/i0.wp.com\/ecomatin.net\/wp-content\/uploads\/2019\/07\/ecomatin.net-prison-de-kondengui-le-nouveau-regisseur-durcit-le-ton-contre-mebe-ngoo-mebemgoo.png?resize=592%2C296&#038;ssl=1&#038;is-pending-load=1\" class=\"attachment-jannah-image-post size-jannah-image-post wp-post-image jetpack-lazy-image\" alt=\"\" data-attachment-id=\"9997\" data-permalink=\"https:\/\/ecomatin.net\/prison-de-kondengui-le-nouveau-regisseur-durcit-le-ton-contre-mebe-ngoo\/mebemgoo\/\" data-orig-file=\"https:\/\/i0.wp.com\/ecomatin.net\/wp-content\/uploads\/2019\/07\/ecomatin.net-prison-de-kondengui-le-nouveau-regisseur-durcit-le-ton-contre-mebe-ngoo-mebemgoo.png?fit=592%2C296&#038;ssl=1\" data-orig-size=\"592,296\" data-comments-opened=\"0\" data-image-meta=\"{\"aperture\":\"0\",\"credit\":\"\",\"camera\":\"\",\"caption\":\"\",\"created_timestamp\":\"0\",\"copyright\":\"\",\"focal_length\":\"0\",\"iso\":\"0\",\"shutter_speed\":\"0\",\"title\":\"\",\"orientation\":\"0\"}\" data-image-title=\"MebeMgoo\" data-image-description=\"\" data-medium-file=\"https:\/\/i0.wp.com\/ecomatin.net\/wp-content\/uploads\/2019\/07\/ecomatin.net-prison-de-kondengui-le-nouveau-regisseur-durcit-le-ton-contre-mebe-ngoo-mebemgoo.png?fit=300%2C150&#038;ssl=1\" data-large-file=\"https:\/\/i0.wp.com\/ecomatin.net\/wp-content\/uploads\/2019\/07\/ecomatin.net-prison-de-kondengui-le-nouveau-regisseur-durcit-le-ton-contre-mebe-ngoo-mebemgoo.png?fit=592%2C296&#038;ssl=1\" data-lazy-srcset=\"https:\/\/i0.wp.com\/ecomatin.net\/wp-content\/uploads\/2019\/07\/ecomatin.net-prison-de-kondengui-le-nouveau-regisseur-durcit-le-ton-contre-mebe-ngoo-mebemgoo.png?w=592&#038;ssl=1 592w, https:\/\/i0.wp.com\/ecomatin.net\/wp-content\/uploads\/2019\/07\/ecomatin.net-prison-de-kondengui-le-nouveau-regisseur-durcit-le-ton-contre-mebe-ngoo-mebemgoo.png?resize=300%2C150&#038;ssl=1 300w\" data-lazy-sizes=\"(max-width: 592px) 100vw, 592px\" srcset=\"data:image\/gif;base64,R0lGODlhAQABAIAAAAAAAP\/\/\/yH5BAEAAAAALAAAAAABAAEAAAIBRAA7\"\/><\/div>\n<div class=\"entry-content entry clearfix\" readability=\"66\">\n<p class=\"yiv9701149215ydpb25cc44dMsoNormal\"><span lang=\"FR\">Hamadou Madi, nouvellement install\u00e9 comme r\u00e9gisseur de cette prison, a d\u00e9cid\u00e9 avec ses collaborateurs de mettre un terme aux tol\u00e9rances autrefois accord\u00e9es aux \u00ab prisonniers de luxe \u00bb par son pr\u00e9d\u00e9cesseur\u00a0<strong>Armand Fredy Medjo<\/strong>, dans le souci de restaurer la discipline dans le p\u00e9nitencier.\u00a0<\/span><span lang=\"FR\">L\u2019ancien ministre de la D\u00e9fense, arr\u00eat\u00e9 et plac\u00e9 en garde \u00e0 vue pour de suppos\u00e9es malversations financi\u00e8res est une des premi\u00e8res victimes. <strong>Edgar Alain Mebe Ngo\u2019o<\/strong> a en effet \u00e9t\u00e9 surpris de voir refouler l\u2019un de ses fils aux portes du p\u00e9nitencier de Kondengui, pour non d\u00e9tention du \u00ab <em>permis de communiquer<\/em> \u00bb, document d\u00e9livr\u00e9 par le parquet pour autoriser des visites au profit des pensionnaires en attente de jugement.\u00a0<\/span><\/p>\n<p class=\"yiv9701149215ydpb25cc44dMsoNormal\"><span lang=\"FR\">Hormis cette restriction de visites de proches, l\u2019ancien ministre de la d\u00e9fense s\u2019est \u00e9galement vu refuser le \u00ab <em>service familial<\/em> \u00bb qui permettait \u00e0 son \u00e9pouse, elle aussi incarc\u00e9r\u00e9e, de lui rendre visite dans son quartier. Une situation qui l\u2019a sorti de ses gongs.\u00a0<\/span><span lang=\"FR\">Des sources internes cit\u00e9es par Kalara renseignent que Edgar Alain Mebe Ngo\u2019o en a fait tout un spectacle, \u00ab <em>rappelant qui il \u00e9tait \u00e0 qui voulait l\u2019entendre, dans ce que certains pr\u00e9sentent comme des menaces \u00e0 peine voil\u00e9es \u00e0 l\u2019encontre des nouveaux responsables de la prison<\/em> \u00bb.<\/span><\/p>\n<p class=\"yiv9701149215ydpb25cc44dMsoNormal\"><span lang=\"FR\">Cette r\u00e9action aurait par contre fait sourire ses anciens coll\u00e8gues du gouvernement visiblement habitu\u00e9s au nouveau code. Pour rappel l\u2019ancien ministre de l\u2019Eau et de l\u2019Energie,\u00a0<strong>Basile Atangana Kouna,<\/strong>\u00a0avait lui aussi re\u00e7u le m\u00eame traitement. Il avait commis l\u2019imprudence de passer un appel t\u00e9l\u00e9phonique dans la cour d\u2019honneur de la prison et s\u2019est vu confisquer son portable sous le regard \u00e9bahis des autres prisonniers .<\/span><\/p>\n<p class=\"yiv9701149215ydpb25cc44dMsoNormal\"><span lang=\"FR\">Pr\u00e9c\u00e9demment r\u00e9gisseur de la prison principale de Mora, dans la R\u00e9gion de l\u2019Extr\u00eame-Nord, la gestion de la prison centrale de Yaound\u00e9 a \u00e9t\u00e9 confi\u00e9e \u00e0 Hamadou Madi\u00a0<\/span><span lang=\"FR\">le 26 juin 2019 par arr\u00eat\u00e9 du ministre en charge de la justice, rempla\u00e7ant ainsi\u00a0<strong>Fredy Medjo<\/strong>\u00a0qui y aurait pass\u00e9 neuf mois seulement \u00e0 cause de son manque de rigueur d\u2019apr\u00e8s une certaine opinion.<\/span><\/p>\n<div class=\"awac-wrapper awac widget blog_subscription-2\">\n<h4 class=\"widget-title\">Abonnez-vous \u00e0 notre lettre d&rsquo;information<\/h4>\n<\/div>\n<\/div>\n<div class=\"toggle-post-content clearfix\"><a id=\"toggle-post-button\" class=\"button\" href=\"#\">Afficher plus <\/a><\/div>\n<p>Auteur: Emile FIDIECK<br \/>\n<a href=\"https:\/\/ecomatin.net\/prison-de-kondengui-le-nouveau-regisseur-durcit-le-ton-contre-mebe-ngoo\/\">Cliquez ici pour lire l&rsquo;article depuis sa source.<\/a><\/p>\n","protected":false},"excerpt":{"rendered":"<p>Hamadou Madi, nouvellement install\u00e9 comme r\u00e9gisseur de cette prison, a d\u00e9cid\u00e9 avec ses collaborateurs de mettre un terme aux tol\u00e9rances autrefois accord\u00e9es aux \u00ab prisonniers de luxe \u00bb par son pr\u00e9d\u00e9cesseur\u00a0Armand Fredy Medjo, dans le souci de restaurer la discipline dans le p\u00e9nitencier.\u00a0L\u2019ancien ministre de la D\u00e9fense, arr\u00eat\u00e9 et plac\u00e9 en garde \u00e0 vue pour [&hellip;]<\/p>\n","protected":false},"author":1969,"featured_media":0,"comment_status":"closed","ping_status":"closed","sticky":false,"template":"","format":"standard","meta":{"fifu_image_url":"","fifu_image_alt":"","footnotes":""},"categories":[82,78],"tags":[],"class_list":["post-47194","post","type-post","status-publish","format-standard","hentry","category-cameroun","category-economie"],"_links":{"self":[{"href":"https:\/\/linitiative.ca\/International\/wp-json\/wp\/v2\/posts\/47194","targetHints":{"allow":["GET"]}}],"collection":[{"href":"https:\/\/linitiative.ca\/International\/wp-json\/wp\/v2\/posts"}],"about":[{"href":"https:\/\/linitiative.ca\/International\/wp-json\/wp\/v2\/types\/post"}],"author":[{"embeddable":true,"href":"https:\/\/linitiative.ca\/International\/wp-json\/wp\/v2\/users\/1969"}],"replies":[{"embeddable":true,"href":"https:\/\/linitiative.ca\/International\/wp-json\/wp\/v2\/comments?post=47194"}],"version-history":[{"count":0,"href":"https:\/\/linitiative.ca\/International\/wp-json\/wp\/v2\/posts\/47194\/revisions"}],"wp:attachment":[{"href":"https:\/\/linitiative.ca\/International\/wp-json\/wp\/v2\/media?parent=47194"}],"wp:term":[{"taxonomy":"category","embeddable":true,"href":"https:\/\/linitiative.ca\/International\/wp-json\/wp\/v2\/categories?post=47194"},{"taxonomy":"post_tag","embeddable":true,"href":"https:\/\/linitiative.ca\/International\/wp-json\/wp\/v2\/tags?post=47194"}],"curies":[{"name":"wp","href":"https:\/\/api.w.org\/{rel}","templated":true}]}}