{"id":47196,"date":"2019-07-18T13:16:05","date_gmt":"2019-07-18T17:16:05","guid":{"rendered":"https:\/\/linitiative.ca\/International\/la-societe-stecy-sa-reprend-du-service-a-yaounde\/"},"modified":"2019-07-18T13:16:05","modified_gmt":"2019-07-18T17:16:05","slug":"la-societe-stecy-sa-reprend-du-service-a-yaounde","status":"publish","type":"post","link":"https:\/\/linitiative.ca\/International\/la-societe-stecy-sa-reprend-du-service-a-yaounde\/","title":{"rendered":"La Soci\u00e9t\u00e9 Stecy  SA reprend du service \u00e0 Yaound\u00e9"},"content":{"rendered":"<div class=\"featured-area featured-area-inner\"><img loading=\"lazy\" decoding=\"async\" width=\"780\" height=\"405\" src=\"https:\/\/i2.wp.com\/ecomatin.net\/wp-content\/uploads\/2019\/07\/ecomatin.net-transport-de-masse-la-societe-stecy-sa-reprend-du-service-a-yaounde-stecy.jpg?resize=780%2C405&#038;ssl=1&#038;is-pending-load=1\" class=\"attachment-jannah-image-post size-jannah-image-post wp-post-image jetpack-lazy-image\" alt=\"\" data-attachment-id=\"10009\" data-permalink=\"https:\/\/ecomatin.net\/transport-de-masse-la-societe-stecy-sa-reprend-du-service-a-yaounde\/stecy\/\" data-orig-file=\"https:\/\/i2.wp.com\/ecomatin.net\/wp-content\/uploads\/2019\/07\/ecomatin.net-transport-de-masse-la-societe-stecy-sa-reprend-du-service-a-yaounde-stecy.jpg?fit=1040%2C780&#038;ssl=1\" data-orig-size=\"1040,780\" data-comments-opened=\"0\" data-image-meta=\"{\"aperture\":\"0\",\"credit\":\"\",\"camera\":\"\",\"caption\":\"\",\"created_timestamp\":\"0\",\"copyright\":\"\",\"focal_length\":\"0\",\"iso\":\"0\",\"shutter_speed\":\"0\",\"title\":\"\",\"orientation\":\"0\"}\" data-image-title=\"Stecy\" data-image-description=\"\" data-medium-file=\"https:\/\/i2.wp.com\/ecomatin.net\/wp-content\/uploads\/2019\/07\/ecomatin.net-transport-de-masse-la-societe-stecy-sa-reprend-du-service-a-yaounde-stecy.jpg?fit=300%2C225&#038;ssl=1\" data-large-file=\"https:\/\/i2.wp.com\/ecomatin.net\/wp-content\/uploads\/2019\/07\/ecomatin.net-transport-de-masse-la-societe-stecy-sa-reprend-du-service-a-yaounde-stecy.jpg?fit=1024%2C768&#038;ssl=1\" srcset=\"data:image\/gif;base64,R0lGODlhAQABAIAAAAAAAP\/\/\/yH5BAEAAAAALAAAAAABAAEAAAIBRAA7\"\/><\/div>\n<div class=\"entry-content entry clearfix\" readability=\"58\">\n<p>Le personnel de la <strong>Soci\u00e9t\u00e9 de transports et \u00e9quipements collectif de Yaound\u00e9 (Stecy SA)<\/strong> vient de lever son mot d\u2019ordre de gr\u00e8ve. Annonce faite par <strong>C\u00e9lestin Herman Tsambou<\/strong>, directeur g\u00e9n\u00e9ral de l\u2019entreprise. Selon un communiqu\u00e9 du DG, cette suspension de gr\u00e8ve fait suite \u00e0 une concertation entre le top management de la soci\u00e9t\u00e9 de transport de masse et les d\u00e9l\u00e9gu\u00e9s du personnel. Ces derniers ont d\u00e9cid\u00e9 d\u2019assurer le \u00ab<em>\u2009service minimum\u2009<\/em>\u00bb sur cinq lignes sur les treize existantes. Il s\u2019agit des lignes 1 (Ebang-Messa)\u2009; 2 (Soa-Ngoa Ekelle)\u2009; 5 (Acropole-Odza borne 12)\u2009; 6 (Nkoabang-Messa) et 12 (Camtel-Leboudi).<\/p>\n<p>N\u00e9anmoins, la direction g\u00e9n\u00e9rale reste \u00e0 l\u2019attente d\u2019une session extraordinaire, au cours de laquelle, les d\u00e9l\u00e9gu\u00e9s du personnel ainsi que tout le staff esp\u00e8rent des lendemains meilleurs. Le personnel se plaint constamment des conditions de travail et du mauvais traitement salarial\u00a0: salaires irr\u00e9guliers, non-paiement de primes et indemnit\u00e9s, mat\u00e9riel roulant r\u00e9guli\u00e8rement en panne, travail sans pause, ni repas etc.<\/p>\n<p>Les tensions de tr\u00e9sorerie dans cette soci\u00e9t\u00e9 depuis\u00a0 son lancement le 13 f\u00e9vrier 2017 pr\u00e9sageait des lendemains malheureux. Comme dans la situation de son pr\u00e9d\u00e9cesseur \u00ab\u2009Le Bus\u2009\u00bb (2005-2016), le personnel de la soci\u00e9t\u00e9 de transport s\u2019est toujours\u00a0 plaint des conditions de travail : salaires irr\u00e9guliers, non-paiement de primes et autres indemnit\u00e9s, mat\u00e9riel roulant r\u00e9guli\u00e8rement en panne, etc.<\/p>\n<div class=\"about-author about-author-box container-wrapper\">\n<div class=\"author-avatar\">\n<p><img decoding=\"async\" src=\"http:\/\/\" alt=\"\"\/><\/p>\n<\/div>\n<p><h4>La R\u00e9daction EcoMatin<\/h4>\n<\/p>\n<\/div>\n<div class=\"awac-wrapper awac widget blog_subscription-2\">\n<h4 class=\"widget-title\">Abonnez-vous \u00e0 notre lettre d&rsquo;information<\/h4>\n<\/div>\n<\/div>\n<div class=\"toggle-post-content clearfix\"><a id=\"toggle-post-button\" class=\"button\" href=\"#\">Afficher plus <\/a><\/div>\n<p>Auteur: EcoMatin<br \/>\n<a href=\"https:\/\/ecomatin.net\/transport-de-masse-la-societe-stecy-sa-reprend-du-service-a-yaounde\/\">Cliquez ici pour lire l&rsquo;article depuis sa source.<\/a><\/p>\n","protected":false},"excerpt":{"rendered":"<p>Le personnel de la Soci\u00e9t\u00e9 de transports et \u00e9quipements collectif de Yaound\u00e9 (Stecy SA) vient de lever son mot d\u2019ordre de gr\u00e8ve. Annonce faite par C\u00e9lestin Herman Tsambou, directeur g\u00e9n\u00e9ral de l\u2019entreprise. Selon un communiqu\u00e9 du DG, cette suspension de gr\u00e8ve fait suite \u00e0 une concertation entre le top management de la soci\u00e9t\u00e9 de transport [&hellip;]<\/p>\n","protected":false},"author":1969,"featured_media":0,"comment_status":"closed","ping_status":"closed","sticky":false,"template":"","format":"standard","meta":{"fifu_image_url":"","fifu_image_alt":"","footnotes":""},"categories":[82,78],"tags":[],"class_list":["post-47196","post","type-post","status-publish","format-standard","hentry","category-cameroun","category-economie"],"_links":{"self":[{"href":"https:\/\/linitiative.ca\/International\/wp-json\/wp\/v2\/posts\/47196","targetHints":{"allow":["GET"]}}],"collection":[{"href":"https:\/\/linitiative.ca\/International\/wp-json\/wp\/v2\/posts"}],"about":[{"href":"https:\/\/linitiative.ca\/International\/wp-json\/wp\/v2\/types\/post"}],"author":[{"embeddable":true,"href":"https:\/\/linitiative.ca\/International\/wp-json\/wp\/v2\/users\/1969"}],"replies":[{"embeddable":true,"href":"https:\/\/linitiative.ca\/International\/wp-json\/wp\/v2\/comments?post=47196"}],"version-history":[{"count":0,"href":"https:\/\/linitiative.ca\/International\/wp-json\/wp\/v2\/posts\/47196\/revisions"}],"wp:attachment":[{"href":"https:\/\/linitiative.ca\/International\/wp-json\/wp\/v2\/media?parent=47196"}],"wp:term":[{"taxonomy":"category","embeddable":true,"href":"https:\/\/linitiative.ca\/International\/wp-json\/wp\/v2\/categories?post=47196"},{"taxonomy":"post_tag","embeddable":true,"href":"https:\/\/linitiative.ca\/International\/wp-json\/wp\/v2\/tags?post=47196"}],"curies":[{"name":"wp","href":"https:\/\/api.w.org\/{rel}","templated":true}]}}