{"id":47198,"date":"2019-07-19T06:00:45","date_gmt":"2019-07-19T10:00:45","guid":{"rendered":"https:\/\/linitiative.ca\/International\/1999-2019-le-rni-fait-de-la-retrospective-et-se-projette-dans-lavenir\/"},"modified":"2019-07-19T06:00:45","modified_gmt":"2019-07-19T10:00:45","slug":"1999-2019-le-rni-fait-de-la-retrospective-et-se-projette-dans-lavenir","status":"publish","type":"post","link":"https:\/\/linitiative.ca\/International\/1999-2019-le-rni-fait-de-la-retrospective-et-se-projette-dans-lavenir\/","title":{"rendered":"1999-2019 : Le RNI fait de la r\u00e9trospective et se projette dans l\u2019avenir"},"content":{"rendered":"<p><img decoding=\"async\" class=\"post_layout_5_img\" src=\"http:\/\/aujourdhui.ma\/wp-content\/uploads\/2019\/07\/Aujjar-RNI-Rabat.jpg?x29840\" alt=\"1999-2019 : Le RNI fait de la r\u00e9trospective et se projette dans l\u2019avenir\"\/><\/p>\n<p><span class=\"c4\"><strong>Deux d\u00e9cennies de r\u00e9formes majeures et de nouveaux challenges \u00e0 relever<\/strong><\/span><span id=\"more-315379\"\/><\/p>\n<p>Les deux d\u00e9cennies de r\u00e8gne du Souverain ne peuvent passer inaper\u00e7ues pour le parti de la colombe. \u00abCela fait 20 ans que SM le Roi a acc\u00e9d\u00e9 au Tr\u00f4ne. C\u2019est une \u00e9tape importante\u00bb, exalte Aziz Akhannouch, mercredi soir \u00e0 Rabat, \u00e0 l\u2019issue d\u2019une rencontre organis\u00e9e par le Rassemblement national des ind\u00e9pendants (RNI) sous le slogan: \u00ab20 ans, un parcours plein d\u2019exploits et une consolidation de la confiance \u00bb. Pour le pr\u00e9sident du RNI, ce parcours est \u00ab\u00e9norme et les r\u00e9alisations dans le pays sont majeures\u00bb. C\u2019est aussi un parcours qui fait la \u00abfiert\u00e9\u00bb du parti. Selon ses dires, cette rencontre ouverte \u00e0 tous les acteurs et la soci\u00e9t\u00e9 civile pour leur donner la parole n\u2019est nullement destin\u00e9e \u00e0 faire une \u00e9valuation. \u00abC\u2019est plut\u00f4t une fa\u00e7on de voir, \u00e0 partir de l\u2019exp\u00e9rience r\u00e9ussie de 20 ans, la mani\u00e8re dont le Souverain a men\u00e9 notre pays. Il s\u2019agit aussi de voir ce qui se passera dans l\u2019avenir et la mani\u00e8re dont il y aurait un nouvel \u00e9lan dans les 20 prochaines ann\u00e9es\u00bb, pr\u00e9cise M. Akhannouch, \u00e9galement ministre de l\u2019agriculture, de la p\u00eache maritime, du d\u00e9veloppement rural et des eaux et for\u00eats. En pr\u00e9lude \u00e0 cette d\u00e9claration aux m\u00e9dias, l\u2019\u00e9v\u00e9nement, d\u2019environ 4 heures, est marqu\u00e9 par des panels qui mettent en lumi\u00e8re les r\u00e9formes r\u00e9alis\u00e9es en politique et \u00e9conomie entre autres ainsi que les perspectives d\u2019avenir.<\/p>\n<p><strong>Revoir des articles de la Constitution<\/strong><\/p>\n<p>Lors du premier panel, Mohamed Aujar, membre du bureau politique du RNI, qui \u00e9voque le parcours des r\u00e9formes, estime que celui-ci est entam\u00e9 depuis l\u2019intronisation du Souverain. Ce parcours \u00e9tant marqu\u00e9, selon M. Aujar, \u00e9galement ministre de la justice, par \u00abdes ruptures\u00bb. L\u2019orateur encha\u00eene les r\u00e9formes dont la r\u00e9conciliation, la r\u00e9gionalisation avanc\u00e9e, le code de la famille et les langues, notamment l\u2019amazigh. \u00abNous sommes sur la bonne voie quant \u00e0 l\u2019application de la Constitution\u00bb, poursuit-il. De leur c\u00f4t\u00e9, les participants \u00e0 ce panel, constitutionnalistes et chercheurs entre autres, qui se f\u00e9licitent de cette pratique, ne manquent pas de mettre l\u2019accent sur le d\u00e9calage entre l\u2019impl\u00e9mentation de la Constitution et la r\u00e9alit\u00e9 et la r\u00e9vision d\u2019articles de cette loi fondamentale dont les articles 47 et 10. Ils s\u2019expriment \u00e9galement sur l\u2019inexistence d\u2019une classe politique capable de faire vivre la Constitution et l\u2019\u00e9branlement de la coh\u00e9sion sociale, le besoin en mobilisation g\u00e9n\u00e9rale, la crise de l\u2019autorit\u00e9, la jeunesse et le manque de culture en coordination interminist\u00e9rielle. \u00abC\u2019est le chef de gouvernement qui doit assurer cette coordination\u00bb, tranche M. Aujjar.<\/p>\n<p><strong>De l\u2019industrie 4.0 et du tourisme dans les r\u00e9gions<\/strong><\/p>\n<p>Cette coordination est \u00e9galement soulev\u00e9e par Moulay Hafid Elalamy, membre du bureau politique du RNI et ministre de l\u2019industrie, du commerce, de l\u2019investissement et de l\u2019\u00e9conomie num\u00e9rique, lors du 2\u00e8me panel consacr\u00e9 au mod\u00e8le de d\u00e9veloppement avec la participation d\u2019\u00e9conomistes entre autres. Dans ce sens, il conduit l\u2019exemple de sa coordination entre son d\u00e9partement et celui de M. Akhannouch pour le d\u00e9veloppement et les investissements. Par l\u2019occasion, M. Elalamy plaide pour l\u2019industrie 4.0 et l\u2019innovation entre autres. De son c\u00f4t\u00e9, Lamia Boutaleb, membre du RNI et secr\u00e9taire d\u2019Etat charg\u00e9e du tourisme, estime que \u00abtoutes les r\u00e9gions du Maroc ont besoin de tourisme\u00bb. A leur tour, les participants \u00e0 ce panel mettent l\u2019accent sur \u00abl\u2019\u00e9coute des jeunes d\u2019une grande oreille sans penser \u00e0 leur place !\u00bb.<\/p>\n<p>Auteur: Salima Guisser<br \/>\n<a href=\"http:\/\/aujourdhui.ma\/politique\/1999-2019-le-rni-fait-de-la-retrospective-et-se-projette-dans-lavenir\">Cliquez ici pour lire l&rsquo;article depuis sa source.<\/a><\/p>\n","protected":false},"excerpt":{"rendered":"<p>Deux d\u00e9cennies de r\u00e9formes majeures et de nouveaux challenges \u00e0 relever Les deux d\u00e9cennies de r\u00e8gne du Souverain ne peuvent passer inaper\u00e7ues pour le parti de la colombe. \u00abCela fait 20 ans que SM le Roi a acc\u00e9d\u00e9 au Tr\u00f4ne. C\u2019est une \u00e9tape importante\u00bb, exalte Aziz Akhannouch, mercredi soir \u00e0 Rabat, \u00e0 l\u2019issue d\u2019une rencontre [&hellip;]<\/p>\n","protected":false},"author":1759,"featured_media":0,"comment_status":"closed","ping_status":"closed","sticky":false,"template":"","format":"standard","meta":{"fifu_image_url":"","fifu_image_alt":"","footnotes":""},"categories":[73,54],"tags":[],"class_list":["post-47198","post","type-post","status-publish","format-standard","hentry","category-actualite","category-maroc"],"_links":{"self":[{"href":"https:\/\/linitiative.ca\/International\/wp-json\/wp\/v2\/posts\/47198","targetHints":{"allow":["GET"]}}],"collection":[{"href":"https:\/\/linitiative.ca\/International\/wp-json\/wp\/v2\/posts"}],"about":[{"href":"https:\/\/linitiative.ca\/International\/wp-json\/wp\/v2\/types\/post"}],"author":[{"embeddable":true,"href":"https:\/\/linitiative.ca\/International\/wp-json\/wp\/v2\/users\/1759"}],"replies":[{"embeddable":true,"href":"https:\/\/linitiative.ca\/International\/wp-json\/wp\/v2\/comments?post=47198"}],"version-history":[{"count":0,"href":"https:\/\/linitiative.ca\/International\/wp-json\/wp\/v2\/posts\/47198\/revisions"}],"wp:attachment":[{"href":"https:\/\/linitiative.ca\/International\/wp-json\/wp\/v2\/media?parent=47198"}],"wp:term":[{"taxonomy":"category","embeddable":true,"href":"https:\/\/linitiative.ca\/International\/wp-json\/wp\/v2\/categories?post=47198"},{"taxonomy":"post_tag","embeddable":true,"href":"https:\/\/linitiative.ca\/International\/wp-json\/wp\/v2\/tags?post=47198"}],"curies":[{"name":"wp","href":"https:\/\/api.w.org\/{rel}","templated":true}]}}