{"id":47199,"date":"2019-07-19T06:01:53","date_gmt":"2019-07-19T10:01:53","guid":{"rendered":"https:\/\/linitiative.ca\/International\/mustapha-baitas-nous-navons-pas-les-elections-de-2021-a-loeil\/"},"modified":"2019-07-19T06:01:53","modified_gmt":"2019-07-19T10:01:53","slug":"mustapha-baitas-nous-navons-pas-les-elections-de-2021-a-loeil","status":"publish","type":"post","link":"https:\/\/linitiative.ca\/International\/mustapha-baitas-nous-navons-pas-les-elections-de-2021-a-loeil\/","title":{"rendered":"Mustapha Baitas : \u00abNous n\u2019avons pas les \u00e9lections de 2021 \u00e0 l\u2019\u0153il\u00bb"},"content":{"rendered":"<p><img decoding=\"async\" class=\"post_layout_5_img\" src=\"http:\/\/aujourdhui.ma\/wp-content\/uploads\/2019\/07\/Mustapha-Baitas.jpg?x29840\" alt=\"Mustapha Baitas : \u00abNous n\u2019avons pas les \u00e9lections de 2021 \u00e0 l\u2019\u0153il\u00bb\"\/><\/p>\n<p><span class=\"c4\"><strong>Questions \u00e0 Mustapha Baitas, d\u00e9put\u00e9 et membre du directoire du RNI<\/strong><\/span><span id=\"more-315393\"\/><\/p>\n<div class=\"base-box mom_box_sc_custom mom_box_sc clear c5\" readability=\"11\">\n<p><strong>Rencontr\u00e9 \u00e0 l\u2019issue de l\u2019\u00e9v\u00e9nement, Mustapha Baitas pr\u00e9cise que le parti m\u00e8ne un combat sans rel\u00e2che pour d\u00e9fendre ses propositions. Cette rencontre en est naturellement l\u2019illustration. L\u2019orateur se projette \u00e9galement dans l\u2019avenir et exprime son point de vue sur les \u00e9ch\u00e9ances \u00e9lectorales de 2021.<\/strong><\/p>\n<\/div>\n<p><strong>ALM : 20 ans de r\u00e8gne sont une longue \u00e8re. Comment le parti y contribue-t-il \u00e0 travers cet \u00e9v\u00e9nement?<\/strong><\/p>\n<p><strong>Mustapha Baitas :<\/strong> Le RNI veille \u00e0 accomplir ses r\u00f4les pour encadrer les citoyens. Cette rencontre rentre bien \u00e9videmment dans ce cadre. En organisant cet \u00e9v\u00e9nement, le parti s\u2019arr\u00eate sur les r\u00e9formes profondes r\u00e9alis\u00e9es par notre pays dont les r\u00e9conciliations constitutionnelles, identitaires et culturelles. Ces derni\u00e8res ayant trait \u00e0 l\u2019officialisation de l\u2019amazigh. Ces r\u00e9conciliations sont \u00e9galement d\u2019ordre socio-\u00e9conomique. Bien \u00e9videmment, notre pays accomplit depuis 20 ans des r\u00e9alisations et engrange des acquis.<br \/>A son tour, le RNI suit naturellement et positivement ces \u00e9volutions afin qu\u2019elles soient consolid\u00e9es dans l\u2019avenir.<\/p>\n<p><strong>Lors de l\u2019\u00e9v\u00e9nement, le RNI et les participants ont formul\u00e9 des propositions. Comment le parti va-t-il peser de tout son poids pour les faire valoir?<\/strong><\/p>\n<p>D\u00e9j\u00e0, le RNI sait que sa responsabilit\u00e9 en tant que parti politique consiste \u00e0 lancer un d\u00e9bat autour des sujets importants. Le RNI a aussi un r\u00f4le \u00e9norme de proposition. C\u2019est une d\u00e9marche qu\u2019il entreprend d\u2019ailleurs quotidiennement \u00e0 travers ses structures, ses organes, ses ministres au gouvernement et ses d\u00e9put\u00e9s au Parlement. C\u2019est aussi une action qui ne s\u2019arr\u00eate pas. Donc cet accompagnement de r\u00e9formes politiques et socio-\u00e9conomiques continue. La contribution du RNI au mod\u00e8le de d\u00e9veloppement abonde dans le parcours de confiance. Ainsi, tous les sujets qu\u2019il trouve int\u00e9ressants, il les int\u00e8gre dans le projet du parcours de confiance.<\/p>\n<p><strong>Au cas o\u00f9 le RNI remporte les prochaines \u00e9lections, ses partisans auront-ils toujours les m\u00eames perceptions ?<\/strong><\/p>\n<p>En fait, le RNI veille toujours \u00e0 la mani\u00e8re dont notre soci\u00e9t\u00e9 \u00e9voluera dans l\u2019avenir. Nous n\u2019avons pas les \u00e9lections de 2021 \u00e0 l\u2019\u0153il. Ce qui nous importe c\u2019est d\u2019accomplir notre r\u00f4le comme il le faut \u00e0 travers nos institutions, structures du parti et notre contribution au d\u00e9veloppement dans la soci\u00e9t\u00e9. Ce parti existe depuis 40 ans. Il n\u2019est pas connu pour changer ses id\u00e9ologies du jour au lendemain. Au contraire, il y a un d\u00e9bat et une interaction. Nous abordons nos sujets avec profondeur. Donc le parcours de confiance existant refl\u00e8te la vision des r\u00e9formes.<\/p>\n<p>Auteur: Salima Guisser<br \/>\n<a href=\"http:\/\/aujourdhui.ma\/politique\/mustapha-baitas-nous-navons-pas-les-elections-de-2021-a-loeil\">Cliquez ici pour lire l&rsquo;article depuis sa source.<\/a><\/p>\n","protected":false},"excerpt":{"rendered":"<p>Questions \u00e0 Mustapha Baitas, d\u00e9put\u00e9 et membre du directoire du RNI Rencontr\u00e9 \u00e0 l\u2019issue de l\u2019\u00e9v\u00e9nement, Mustapha Baitas pr\u00e9cise que le parti m\u00e8ne un combat sans rel\u00e2che pour d\u00e9fendre ses propositions. Cette rencontre en est naturellement l\u2019illustration. L\u2019orateur se projette \u00e9galement dans l\u2019avenir et exprime son point de vue sur les \u00e9ch\u00e9ances \u00e9lectorales de 2021. [&hellip;]<\/p>\n","protected":false},"author":1759,"featured_media":0,"comment_status":"closed","ping_status":"closed","sticky":false,"template":"","format":"standard","meta":{"fifu_image_url":"","fifu_image_alt":"","footnotes":""},"categories":[73,54],"tags":[],"class_list":["post-47199","post","type-post","status-publish","format-standard","hentry","category-actualite","category-maroc"],"_links":{"self":[{"href":"https:\/\/linitiative.ca\/International\/wp-json\/wp\/v2\/posts\/47199","targetHints":{"allow":["GET"]}}],"collection":[{"href":"https:\/\/linitiative.ca\/International\/wp-json\/wp\/v2\/posts"}],"about":[{"href":"https:\/\/linitiative.ca\/International\/wp-json\/wp\/v2\/types\/post"}],"author":[{"embeddable":true,"href":"https:\/\/linitiative.ca\/International\/wp-json\/wp\/v2\/users\/1759"}],"replies":[{"embeddable":true,"href":"https:\/\/linitiative.ca\/International\/wp-json\/wp\/v2\/comments?post=47199"}],"version-history":[{"count":0,"href":"https:\/\/linitiative.ca\/International\/wp-json\/wp\/v2\/posts\/47199\/revisions"}],"wp:attachment":[{"href":"https:\/\/linitiative.ca\/International\/wp-json\/wp\/v2\/media?parent=47199"}],"wp:term":[{"taxonomy":"category","embeddable":true,"href":"https:\/\/linitiative.ca\/International\/wp-json\/wp\/v2\/categories?post=47199"},{"taxonomy":"post_tag","embeddable":true,"href":"https:\/\/linitiative.ca\/International\/wp-json\/wp\/v2\/tags?post=47199"}],"curies":[{"name":"wp","href":"https:\/\/api.w.org\/{rel}","templated":true}]}}