{"id":47203,"date":"2019-07-19T07:16:53","date_gmt":"2019-07-19T11:16:53","guid":{"rendered":"https:\/\/linitiative.ca\/International\/souss-massa-572-mdh-pour-la-mise-a-niveau-du-monde-rural\/"},"modified":"2019-07-19T07:16:53","modified_gmt":"2019-07-19T11:16:53","slug":"souss-massa-572-mdh-pour-la-mise-a-niveau-du-monde-rural","status":"publish","type":"post","link":"https:\/\/linitiative.ca\/International\/souss-massa-572-mdh-pour-la-mise-a-niveau-du-monde-rural\/","title":{"rendered":"Souss-Massa : 572 MDH pour la mise \u00e0 niveau du monde rural"},"content":{"rendered":"<p><img decoding=\"async\" class=\"post_layout_5_img\" src=\"http:\/\/aujourdhui.ma\/wp-content\/uploads\/2019\/07\/Souss-Massa-ce%CC%81re%CC%81monie-de-signature-d%E2%80%99une-convention.jpg?x29840\" alt=\"Souss-Massa : 572 MDH pour la mise \u00e0 niveau du monde rural\"\/><\/p>\n<p class=\"p1\"><span class=\"c4\"><strong><span class=\"s1\"><em>Les communes concern\u00e9es seront dot\u00e9es des \u00e9quipements socio-\u00e9conomiques et culturels\u00a0<\/em><\/span><span class=\"s1\"><em>de base et des infrastructures n\u00e9cessaires<\/em><\/span><\/strong><\/span> <span id=\"more-315446\"\/><\/p>\n<div class=\"base-box mom_box_sc_custom mom_box_sc clear c5\" readability=\"9\">\n<p class=\"p1\"><span class=\"s1\"><em><strong>\u00e0 travers ce programme, la r\u00e9gion du Souss-Massa souhaite construire une vision homog\u00e8ne permettant la mise en coh\u00e9rence des interventions au niveau des centres ruraux.<\/strong><\/em><\/span><\/p>\n<\/div>\n<p class=\"p1\"><span class=\"s1\">Une c\u00e9r\u00e9monie de signature d\u2019une convention portant sur la mise en \u0153uvre d\u2019un programme de mise \u00e0 niveau des communes rurales dans la r\u00e9gion du Souss-Massa s\u2019est d\u00e9roul\u00e9e mercredi au si\u00e8ge de la wilaya et qui consacre plus de 572 MDH \u00e0 ce programme.<\/span><\/p>\n<p class=\"p1\"><span class=\"s1\">Cette convention sign\u00e9e par Abdelahad Fassi Fihri, ministre de l\u2019am\u00e9nagement du territoire national, de l\u2019urbanisme, de l\u2019habitat et de la politique de la ville, Ahmed Hajji, wali de la r\u00e9gion, Brahim Hafidi, pr\u00e9sident du Conseil r\u00e9gional, et les gouverneurs des pr\u00e9fectures et provinces de la r\u00e9gion du Souss-Massa a \u00e9t\u00e9 \u00e9labor\u00e9e en \u00e9troite collaboration entre le minist\u00e8re, la wilaya et le Conseil r\u00e9gional du Souss-Massa ainsi que les conseils pr\u00e9fectoraux et provinciaux de la r\u00e9gion.<\/span><\/p>\n<p class=\"p1\"><span class=\"s1\">Ladite convention porte sur un programme de mise \u00e0 niveau des centres de communes rurales de la r\u00e9gion et s\u2019\u00e9tale sur une p\u00e9riode de 3 ans, avec une enveloppe budg\u00e9taire globale de 572 MDH dont 327 MDH comme contribution du minist\u00e8re de l\u2019am\u00e9nagement du territoire national, de l\u2019urbanisme, de l\u2019habitat et de la politique de la ville, et 245 MDH comme contribution de la r\u00e9gion du Souss-Massa.<\/span><\/p>\n<p class=\"p1\"><span class=\"s1\">Ce programme ambitieux permettra de doter les communes concern\u00e9es des \u00e9quipements socio-\u00e9conomiques et culturels de base et des infrastructures n\u00e9cessaires \u00e0 l\u2019int\u00e9gration des populations et \u00e0 l\u2019am\u00e9lioration de leur cadre de vie.<\/span><\/p>\n<p class=\"p1\"><span class=\"s1\">En effet, les r\u00e9sultats de l\u2019analyse du bureau d\u2019\u00e9tudes charg\u00e9 du projet et mandat\u00e9 par le PNUD ont r\u00e9parti les centres ruraux en 5 classes selon une approche territoriale de d\u00e9veloppement bas\u00e9e sur une analyse multicrit\u00e8re (d\u00e9mographique, \u00e9quipements socio-\u00e9conomiques, dynamique spatiale\u2026) et d\u00e9fini les axes d\u2019intervention de cette convention comme suit : mise \u00e0 niveau des centres des communes, am\u00e9nagement des places et espaces r\u00e9cr\u00e9atifs, cr\u00e9ation des \u00e9quipements de proximit\u00e9, mise \u00e0 niveau des souks et pr\u00e9servation et mise en valeur du patrimoine. Notons qu\u2019\u00e0 travers ce programme, la r\u00e9gion du Souss-Massa souhaite construire une vision homog\u00e8ne permettant la mise en coh\u00e9rence des interventions au niveau des centres ruraux. Il s\u2019av\u00e8re d\u00e9sormais n\u00e9cessaire d\u2019asseoir une approche de d\u00e9veloppement et de programmation commune, en vue d\u2019assurer un maximum de coh\u00e9rence de l\u2019intervention des acteurs concern\u00e9s au niveau de ces territoires.<\/span><\/p>\n<p class=\"p1\"><span class=\"s1\">A rappeler que le Conseil r\u00e9gional du Souss-Massa a mis en place en mars 2017 son programme de d\u00e9veloppement r\u00e9gional (PDR) tel que stipul\u00e9 par la loi organique 111-14. Ce grand chantier strat\u00e9gique, men\u00e9 par le cabinet d\u2019\u00e9tudes international McKinsey, se base sur une approche participative qui a touch\u00e9 l\u2019ensemble des parties prenantes tels les repr\u00e9sentants des collectivit\u00e9s territoriales, les services ext\u00e9rieurs, la soci\u00e9t\u00e9 civile ainsi que le secteur priv\u00e9.<\/span><\/p>\n<p>Auteur: Mohamed Laabid<br \/>\n<a href=\"http:\/\/aujourdhui.ma\/economie\/souss-massa-572-mdh-pour-la-mise-a-niveau-du-monde-rural\">Cliquez ici pour lire l&rsquo;article depuis sa source.<\/a><\/p>\n","protected":false},"excerpt":{"rendered":"<p>Les communes concern\u00e9es seront dot\u00e9es des \u00e9quipements socio-\u00e9conomiques et culturels\u00a0de base et des infrastructures n\u00e9cessaires \u00e0 travers ce programme, la r\u00e9gion du Souss-Massa souhaite construire une vision homog\u00e8ne permettant la mise en coh\u00e9rence des interventions au niveau des centres ruraux. Une c\u00e9r\u00e9monie de signature d\u2019une convention portant sur la mise en \u0153uvre d\u2019un programme de [&hellip;]<\/p>\n","protected":false},"author":1759,"featured_media":0,"comment_status":"closed","ping_status":"closed","sticky":false,"template":"","format":"standard","meta":{"fifu_image_url":"","fifu_image_alt":"","footnotes":""},"categories":[73,54],"tags":[],"class_list":["post-47203","post","type-post","status-publish","format-standard","hentry","category-actualite","category-maroc"],"_links":{"self":[{"href":"https:\/\/linitiative.ca\/International\/wp-json\/wp\/v2\/posts\/47203","targetHints":{"allow":["GET"]}}],"collection":[{"href":"https:\/\/linitiative.ca\/International\/wp-json\/wp\/v2\/posts"}],"about":[{"href":"https:\/\/linitiative.ca\/International\/wp-json\/wp\/v2\/types\/post"}],"author":[{"embeddable":true,"href":"https:\/\/linitiative.ca\/International\/wp-json\/wp\/v2\/users\/1759"}],"replies":[{"embeddable":true,"href":"https:\/\/linitiative.ca\/International\/wp-json\/wp\/v2\/comments?post=47203"}],"version-history":[{"count":0,"href":"https:\/\/linitiative.ca\/International\/wp-json\/wp\/v2\/posts\/47203\/revisions"}],"wp:attachment":[{"href":"https:\/\/linitiative.ca\/International\/wp-json\/wp\/v2\/media?parent=47203"}],"wp:term":[{"taxonomy":"category","embeddable":true,"href":"https:\/\/linitiative.ca\/International\/wp-json\/wp\/v2\/categories?post=47203"},{"taxonomy":"post_tag","embeddable":true,"href":"https:\/\/linitiative.ca\/International\/wp-json\/wp\/v2\/tags?post=47203"}],"curies":[{"name":"wp","href":"https:\/\/api.w.org\/{rel}","templated":true}]}}