{"id":47204,"date":"2019-07-19T07:18:00","date_gmt":"2019-07-19T11:18:00","guid":{"rendered":"https:\/\/linitiative.ca\/International\/cest-parti-pour-safimer-2019\/"},"modified":"2019-07-19T07:18:00","modified_gmt":"2019-07-19T11:18:00","slug":"cest-parti-pour-safimer-2019","status":"publish","type":"post","link":"https:\/\/linitiative.ca\/International\/cest-parti-pour-safimer-2019\/","title":{"rendered":"C\u2019est parti  pour SafiMer 2019 !"},"content":{"rendered":"<p><img decoding=\"async\" class=\"post_layout_5_img\" src=\"http:\/\/aujourdhui.ma\/wp-content\/uploads\/2019\/07\/SafiMer-2019.jpg?x29840\" alt=\"C\u2019est parti pour SafiMer 2019 !\"\/><\/p>\n<p class=\"p1\"><span class=\"c4\"><strong><span class=\"s1\"><em>Un espace de rencontres et d\u2019\u00e9change entre les acteurs et les professionnels du secteur maritime<\/em><\/span><\/strong><\/span><span id=\"more-315449\"\/><\/p>\n<p class=\"p1\">Le rideau s\u2019est lev\u00e9, mercredi \u00e0 Safi, sur la 3\u00e8me \u00e9dition de \u00abla f\u00eate de la mer\u00bb (SafiMer 2019), un rendez-vous majeur d\u00e9di\u00e9 \u00e0 renforcer l\u2019identit\u00e9 principale de la cit\u00e9 des oc\u00e9ans et \u00e0 valoriser son patrimoine mat\u00e9riel et immat\u00e9riel maritime. Cette manifestation, initi\u00e9e par la province de Safi, la Chambre des p\u00eaches maritimes de l\u2019Atlantique Nord et l\u2019Association \u00abAffaq\u00bb pour le d\u00e9veloppement du secteur de la p\u00eache \u00e0 Safi, se veut essentiellement un espace de rencontres et d\u2019\u00e9change entre les acteurs et les professionnels du secteur maritime.<\/p>\n<p class=\"p1\">Organis\u00e9 jusqu\u2019au 21 courant en partenariat avec les professionnels du secteur, les conseils provincial et communal de Safi, cet \u00e9v\u00e9nement, dont la c\u00e9r\u00e9monie d\u2019inauguration s\u2019est d\u00e9roul\u00e9e en pr\u00e9sence notamment du gouverneur de la province de Safi, Lahoucine Chaynane, du maire de la ville de Boulogne-sur-Mer (France), invit\u00e9e d\u2019honneur de ce festival, Fr\u00e9d\u00e9ric Cuvillier, des repr\u00e9sentants des autorit\u00e9s locales, d\u2019\u00e9lus locaux, de chefs de services ext\u00e9rieurs, des professionnels du secteur de la p\u00eache, ainsi que des repr\u00e9sentants des institutions partenaires du port de Safi et d\u2019autres personnalit\u00e9s, vise \u00e9galement \u00e0 faire la lumi\u00e8re et \u00e0 mettre en exergue le riche patrimoine mat\u00e9riel et immat\u00e9riel maritime de la ville en exposant, entre autres, un de ses m\u00e9tiers mondiaux : le poisson et sa valorisation.<\/p>\n<p class=\"p1\">Initi\u00e9 en collaboration avec les institutionnels et les op\u00e9rateurs \u00e9conomiques du secteur de la mer, \u00abSafiMer 2019\u00bb, qui s\u2019adresse aussi bien aux professionnels qu\u2019aux amateurs et passionn\u00e9s ainsi qu\u2019aux partenaires nationaux et internationaux des secteurs public et priv\u00e9, est marqu\u00e9 par la participation d\u2019une importante d\u00e9l\u00e9gation de la ville de Boulogne-sur-Mer.<\/p>\n<p>Auteur: ALM<br \/>\n<a href=\"http:\/\/aujourdhui.ma\/economie\/cest-parti-pour-safimer-2019\">Cliquez ici pour lire l&rsquo;article depuis sa source.<\/a><\/p>\n","protected":false},"excerpt":{"rendered":"<p>Un espace de rencontres et d\u2019\u00e9change entre les acteurs et les professionnels du secteur maritime Le rideau s\u2019est lev\u00e9, mercredi \u00e0 Safi, sur la 3\u00e8me \u00e9dition de \u00abla f\u00eate de la mer\u00bb (SafiMer 2019), un rendez-vous majeur d\u00e9di\u00e9 \u00e0 renforcer l\u2019identit\u00e9 principale de la cit\u00e9 des oc\u00e9ans et \u00e0 valoriser son patrimoine mat\u00e9riel et immat\u00e9riel [&hellip;]<\/p>\n","protected":false},"author":1759,"featured_media":0,"comment_status":"closed","ping_status":"closed","sticky":false,"template":"","format":"standard","meta":{"fifu_image_url":"","fifu_image_alt":"","footnotes":""},"categories":[73,54],"tags":[],"class_list":["post-47204","post","type-post","status-publish","format-standard","hentry","category-actualite","category-maroc"],"_links":{"self":[{"href":"https:\/\/linitiative.ca\/International\/wp-json\/wp\/v2\/posts\/47204","targetHints":{"allow":["GET"]}}],"collection":[{"href":"https:\/\/linitiative.ca\/International\/wp-json\/wp\/v2\/posts"}],"about":[{"href":"https:\/\/linitiative.ca\/International\/wp-json\/wp\/v2\/types\/post"}],"author":[{"embeddable":true,"href":"https:\/\/linitiative.ca\/International\/wp-json\/wp\/v2\/users\/1759"}],"replies":[{"embeddable":true,"href":"https:\/\/linitiative.ca\/International\/wp-json\/wp\/v2\/comments?post=47204"}],"version-history":[{"count":0,"href":"https:\/\/linitiative.ca\/International\/wp-json\/wp\/v2\/posts\/47204\/revisions"}],"wp:attachment":[{"href":"https:\/\/linitiative.ca\/International\/wp-json\/wp\/v2\/media?parent=47204"}],"wp:term":[{"taxonomy":"category","embeddable":true,"href":"https:\/\/linitiative.ca\/International\/wp-json\/wp\/v2\/categories?post=47204"},{"taxonomy":"post_tag","embeddable":true,"href":"https:\/\/linitiative.ca\/International\/wp-json\/wp\/v2\/tags?post=47204"}],"curies":[{"name":"wp","href":"https:\/\/api.w.org\/{rel}","templated":true}]}}