{"id":47205,"date":"2019-07-19T07:21:15","date_gmt":"2019-07-19T11:21:15","guid":{"rendered":"https:\/\/linitiative.ca\/International\/montresso-presente-les-temps-forts-de-sa-saison-culturelle-2019-2020\/"},"modified":"2019-07-19T07:21:15","modified_gmt":"2019-07-19T11:21:15","slug":"montresso-presente-les-temps-forts-de-sa-saison-culturelle-2019-2020","status":"publish","type":"post","link":"https:\/\/linitiative.ca\/International\/montresso-presente-les-temps-forts-de-sa-saison-culturelle-2019-2020\/","title":{"rendered":"Montresso pr\u00e9sente les temps forts  de sa saison culturelle 2019-2020"},"content":{"rendered":"<p><img decoding=\"async\" class=\"post_layout_5_img\" src=\"http:\/\/aujourdhui.ma\/wp-content\/uploads\/2019\/07\/Fondation-Montresso.jpg?x29840\" alt=\"Montresso pr\u00e9sente les temps forts de sa saison culturelle 2019-2020\"\/><\/p>\n<p class=\"p1\"><span class=\"s1\"><span class=\"c4\"><strong>La Fondation Montresso, initiatrice du \u00abJardin Rouge\u00bb, d\u00e9voile les temps forts de sa saison culturelle 2019-2020.<\/strong><\/span><\/span> <span id=\"more-315431\"\/><\/p>\n<p class=\"p1\"><span class=\"s1\">Riche et vari\u00e9, le programme de cette nouvelle saison s\u2019articulera, selon les organisateurs, autour du dialogue. Il propose des expositions th\u00e9matiques et des expositions \u00e9v\u00e9nements, o\u00f9 des artistes de renomm\u00e9e internationale sont invit\u00e9s \u00e0 investir dans plusieurs espaces.<\/span><\/p>\n<p class=\"p1\"><span class=\"s1\">A la rentr\u00e9e, la fondation pr\u00e9sentera au sein de l\u2019Espace d\u2019art Montresso l\u2019exposition collective \u00abThere are Treasures everywhere\u00bb. Celle-ci explore dans un dialogue ouvert les territoires physiques et intimes de quatre artistes, \u00e0 savoir Roxane Daumas, Tania Mouraud, Maya-In\u00e8s Touam et Fatiha Zemmouri. Venus d\u2019une rive \u00e0 l\u2019autre, ces artistes ont sond\u00e9 pendant leur r\u00e9sidence au Jardin Rouge leur propre rapport au pr\u00e9cieux. <em>\u00abElles l\u2019incarnent dans des \u00e9critures plastiques plurales et des r\u00e9sonances multiples. Cette diversit\u00e9 s\u2019ordonne selon une harmonie qui n\u2019ignore pas le chaos\u00bb.<\/em> Le programme propose \u00e9galement \u00abFuture Primitive\u00bb de Tilt et ce du 16 d\u00e9cembre 2019 au 14 f\u00e9vrier 2020. Figure embl\u00e9matique de la sc\u00e8ne urbaine, cet artiste d\u00e9voile au public une vision frontale de son univers plastique marqu\u00e9 par une pratique vandale et radicale, dans laquelle les signes et r\u00e9f\u00e9rences au lourd h\u00e9ritage du graffiti sont dissimul\u00e9s, juxtapos\u00e9s, afin de parvenir \u00e0 filtrer une parfaite synth\u00e8se de la rue. <em>\u00abTilt a entam\u00e9 depuis pr\u00e8s de quatre ans au Jardin Rouge un travail sur la d\u00e9contextualisation du graffiti. En s\u2019attachant, tel un arch\u00e9ologue, \u00e0 r\u00e9v\u00e9ler les traces pr\u00e9sentes dans les rues, l\u2019artiste questionne les paradoxes de cette pratique comme d\u00e9marche artistique, faisant tomber les fronti\u00e8res labiles et mouvantes de l\u2019\u0153uvre d\u2019art\u00bb.<\/em> Pour la troisi\u00e8me ann\u00e9e cons\u00e9cutive, la Fondation Montresso pr\u00e9sente en partenariat avec la 1-54 Contemporary African Art Fair le programme itin\u00e9rant de soutien \u00e0 la cr\u00e9ation et \u00e0 la diffusion In-Discipline.<\/span><\/p>\n<p class=\"p1\"><span class=\"s1\">Pour cette nouvelle \u00e9dition, elle invite sous le parrainage de Vitchois Mwilambwe Bondo des artistes originaires de la R\u00e9publique d\u00e9mocratique du Congo. De ces temps de cr\u00e9ation et de rencontre na\u00eetra l\u2019exposition In-Discipline au c\u0153ur de l\u2019Espace d\u2019art Montresso \u00e0 Marrakech en f\u00e9vrier 2020. La nouvelle saison propose \u00e9galement des pr\u00e9sentations de \u00abprojets de r\u00e9sidence\u00bb au Jardin Rouge.<\/span><\/p>\n<p class=\"p1\"><span class=\"s1\"><em>\u00abIl s\u2019agit d\u2019ateliers permettant d\u2019accueillir pr\u00e8s de trente artistes par saison culturelle, dans un cadre pr\u00e9serv\u00e9, propice \u00e0 l\u2019exp\u00e9rimentation et au dialogue\u00bb,<\/em> expliquent \u00e0 ce sujet les initiateurs. Dans ce sens, une trentaine d\u2019artistes est invit\u00e9e \u00e0 pr\u00e9senter ses projets. Parmi lesquels, \u00abTraverser\u00bb de Mouna Saboni, \u00abLes Petits Papiers\u00bb de Reso, \u00abLigne Bleue\u00bb de C\u00e9d\u00e9rix Crespel, et \u00abPalimpsestes\u00bb de Kouka. La Fondation Montresso pr\u00e9sente \u00e9galement en juin 2020 au sein de sa Salle des Casques \u00abLa Collective\u00bb. R\u00e9unissant les travaux de plusieurs artistes r\u00e9alis\u00e9s au Jardin Rouge, l\u2019exposition sera ainsi l\u2019occasion de pr\u00e9senter les nouveaux projets et r\u00e9sidents de la saison culturelle.<\/span><\/p>\n<p>Auteur: Siham Jadraoui<br \/>\n<a href=\"http:\/\/aujourdhui.ma\/culture\/montresso-presente-les-temps-forts-de-sa-saison-culturelle-2019-2020\">Cliquez ici pour lire l&rsquo;article depuis sa source.<\/a><\/p>\n","protected":false},"excerpt":{"rendered":"<p>La Fondation Montresso, initiatrice du \u00abJardin Rouge\u00bb, d\u00e9voile les temps forts de sa saison culturelle 2019-2020. Riche et vari\u00e9, le programme de cette nouvelle saison s\u2019articulera, selon les organisateurs, autour du dialogue. Il propose des expositions th\u00e9matiques et des expositions \u00e9v\u00e9nements, o\u00f9 des artistes de renomm\u00e9e internationale sont invit\u00e9s \u00e0 investir dans plusieurs espaces. A [&hellip;]<\/p>\n","protected":false},"author":1759,"featured_media":0,"comment_status":"closed","ping_status":"closed","sticky":false,"template":"","format":"standard","meta":{"fifu_image_url":"","fifu_image_alt":"","footnotes":""},"categories":[73,54],"tags":[],"class_list":["post-47205","post","type-post","status-publish","format-standard","hentry","category-actualite","category-maroc"],"_links":{"self":[{"href":"https:\/\/linitiative.ca\/International\/wp-json\/wp\/v2\/posts\/47205","targetHints":{"allow":["GET"]}}],"collection":[{"href":"https:\/\/linitiative.ca\/International\/wp-json\/wp\/v2\/posts"}],"about":[{"href":"https:\/\/linitiative.ca\/International\/wp-json\/wp\/v2\/types\/post"}],"author":[{"embeddable":true,"href":"https:\/\/linitiative.ca\/International\/wp-json\/wp\/v2\/users\/1759"}],"replies":[{"embeddable":true,"href":"https:\/\/linitiative.ca\/International\/wp-json\/wp\/v2\/comments?post=47205"}],"version-history":[{"count":0,"href":"https:\/\/linitiative.ca\/International\/wp-json\/wp\/v2\/posts\/47205\/revisions"}],"wp:attachment":[{"href":"https:\/\/linitiative.ca\/International\/wp-json\/wp\/v2\/media?parent=47205"}],"wp:term":[{"taxonomy":"category","embeddable":true,"href":"https:\/\/linitiative.ca\/International\/wp-json\/wp\/v2\/categories?post=47205"},{"taxonomy":"post_tag","embeddable":true,"href":"https:\/\/linitiative.ca\/International\/wp-json\/wp\/v2\/tags?post=47205"}],"curies":[{"name":"wp","href":"https:\/\/api.w.org\/{rel}","templated":true}]}}