{"id":47206,"date":"2019-07-19T09:00:33","date_gmt":"2019-07-19T13:00:33","guid":{"rendered":"https:\/\/linitiative.ca\/International\/tanger-les-affaires-de-moeurs-se-multiplient\/"},"modified":"2019-07-19T09:00:33","modified_gmt":"2019-07-19T13:00:33","slug":"tanger-les-affaires-de-moeurs-se-multiplient","status":"publish","type":"post","link":"https:\/\/linitiative.ca\/International\/tanger-les-affaires-de-moeurs-se-multiplient\/","title":{"rendered":"Tanger : Les affaires de m\u0153urs se multiplient"},"content":{"rendered":"<p><img decoding=\"async\" class=\"post_layout_5_img\" src=\"http:\/\/aujourdhui.ma\/wp-content\/uploads\/2019\/07\/Tanger-1.jpg?x29840\" alt=\"Tanger : Les affaires de m\u0153urs se multiplient\"\/><\/p>\n<p><span class=\"c5\"><strong><span class=\"c4\">La vid\u00e9o d\u2019un couple en pleins \u00e9bats sexuels dans un c\u00e9l\u00e8bre quartier de la ville<\/span> continue de cr\u00e9er la pol\u00e9mique<\/strong><\/span><br \/><span id=\"more-315402\"\/><\/p>\n<div class=\"base-box mom_box_sc_custom mom_box_sc clear c6\" readability=\"12\">\n<p>D\u2019aucuns consid\u00e8rent que ce type d\u2019actes criminels, commis en plein jour, comme \u00e9tranges \u00e0 la soci\u00e9t\u00e9 tang\u00e9roise. Ils les attribuent ainsi \u00e0 des personnes en provenance d\u2019autres r\u00e9gions, de passage ou venues pour travailler \u00e0 Tanger.<\/p>\n<\/div>\n<p>L\u2019\u00e9t\u00e9 s\u2019annonce tr\u00e8s chaud \u00e0 Tanger. Les Tang\u00e9rois ne cachent pas leur indignation quant \u00e0 la recrudescence des crimes, dont ceux li\u00e9s aux m\u0153urs commis \u00e0 l\u2019encontre des mineurs comme des adultes. Les images tir\u00e9es d\u2019une nouvelle vid\u00e9o d\u2019un couple en pleins \u00e9bats sexuels dans un c\u00e9l\u00e8bre quartier de la ville sont \u00e0 l\u2019origine du buzz sur les r\u00e9seaux sociaux. Elles continuent de susciter, en dehors du monde virtuel, un sentiment de col\u00e8re et de tristesse chez les simples tang\u00e9rois. D\u2019aucuns consid\u00e8rent que ce type d\u2019actes criminels, commis en plein jour, comme \u00e9tranges \u00e0 la soci\u00e9t\u00e9 tang\u00e9roise. Ils les attribuent ainsi \u00e0 des personnes en provenance d\u2019autres r\u00e9gions, de passage ou venues pour travailler \u00e0 Tanger. D\u2019autant plus que lanc\u00e9e juste apr\u00e8s la diffusion de la vid\u00e9o en question sur le Web, par la police judiciaire, une enqu\u00eate a pu lever le voile sur l\u2019identit\u00e9 de l\u2019homme, l\u2019un des deux suspects impliqu\u00e9s dans ce crime, mais aussi de son origine qui est la ville de Khemisset.<\/p>\n<p>Il est \u00e0 noter que cette affaire de m\u0153urs s\u2019est produite en pleine journ\u00e9e au d\u00e9but de cette semaine dans un petit jardin public, situ\u00e9 \u00e0 proximit\u00e9 de la mosqu\u00e9e Mohammed V au quartier Iberia. Ag\u00e9s tous les deux d\u2019une quarantaine d\u2019ann\u00e9es, les deux amants croyaient qu\u2019ils \u00e9taient seuls dans les lieux. Mais un riverain, un habitant d\u2019un immeuble avoisinant para\u00eet-il, les a film\u00e9s et puis post\u00e9 la vid\u00e9o sur les r\u00e9seaux sociaux qui ne tardera pas \u00e0 faire le tour de la Toile. Ayant eu lieu apr\u00e8s une large diffusion de ces photos sur le Web, l\u2019intervention des services policiers a permis de mettre la main, la m\u00eame journ\u00e9e, sur l\u2019un des deux suspects de ce crime. Il s\u2019agit d\u2019un homme d\u2019une quarantaine d\u2019ann\u00e9es, mari\u00e9 et p\u00e8re de deux enfants, qui est venu de Khemisset pour habiter \u00e0 Tanger et y gagner sa vie comme couturier. Alors que de grands efforts sont d\u00e9ploy\u00e9s, depuis le d\u00e9clenchement de cette affaire, pour l\u2019arrestation de la femme, deuxi\u00e8me suspect dans ce crime, permettant l\u2019avancement et le d\u00e9nouement de ce dossier. Les deux mis en cause risquent un mois jusqu\u2019\u00e0 deux ans d\u2019emprisonnement assortis d\u2019une amende.<\/p>\n<p>Il est \u00e0 rappeler que parmi une s\u00e9rie de d\u00e9lits de m\u0153urs trait\u00e9s ou en cours de traitement \u00e0 Tanger, une affaire de p\u00e9dophilie vient d\u2019y \u00eatre d\u00e9clench\u00e9e au d\u00e9but de cette saison estivale. Le principal suspect dans ce dossier est un journaliste espagnol qui est accus\u00e9 d\u2019avoir abus\u00e9, pendant pr\u00e8s de quatre ans, d\u2019un mineur pris en charge dans un orphelinat. Le d\u00e9clenchement de cette affaire a entra\u00een\u00e9 la fermeture de cet \u00e9tablissement g\u00e9r\u00e9 par une ONG maroco-espagnole et a permis de remettre sur le devant de la sc\u00e8ne le traitement de la question de la p\u00e9dophilie et de serrer la vis aux personnes impliqu\u00e9es dans ce type d\u2019actes criminels.<\/p>\n<p>Auteur: Najat Fa\u00efssal<br \/>\n<a href=\"http:\/\/aujourdhui.ma\/societe\/tanger-les-affaires-de-moeurs-se-multiplient\">Cliquez ici pour lire l&rsquo;article depuis sa source.<\/a><\/p>\n","protected":false},"excerpt":{"rendered":"<p>La vid\u00e9o d\u2019un couple en pleins \u00e9bats sexuels dans un c\u00e9l\u00e8bre quartier de la ville continue de cr\u00e9er la pol\u00e9mique D\u2019aucuns consid\u00e8rent que ce type d\u2019actes criminels, commis en plein jour, comme \u00e9tranges \u00e0 la soci\u00e9t\u00e9 tang\u00e9roise. Ils les attribuent ainsi \u00e0 des personnes en provenance d\u2019autres r\u00e9gions, de passage ou venues pour travailler \u00e0 [&hellip;]<\/p>\n","protected":false},"author":1759,"featured_media":0,"comment_status":"closed","ping_status":"closed","sticky":false,"template":"","format":"standard","meta":{"fifu_image_url":"","fifu_image_alt":"","footnotes":""},"categories":[73,54],"tags":[],"class_list":["post-47206","post","type-post","status-publish","format-standard","hentry","category-actualite","category-maroc"],"_links":{"self":[{"href":"https:\/\/linitiative.ca\/International\/wp-json\/wp\/v2\/posts\/47206","targetHints":{"allow":["GET"]}}],"collection":[{"href":"https:\/\/linitiative.ca\/International\/wp-json\/wp\/v2\/posts"}],"about":[{"href":"https:\/\/linitiative.ca\/International\/wp-json\/wp\/v2\/types\/post"}],"author":[{"embeddable":true,"href":"https:\/\/linitiative.ca\/International\/wp-json\/wp\/v2\/users\/1759"}],"replies":[{"embeddable":true,"href":"https:\/\/linitiative.ca\/International\/wp-json\/wp\/v2\/comments?post=47206"}],"version-history":[{"count":0,"href":"https:\/\/linitiative.ca\/International\/wp-json\/wp\/v2\/posts\/47206\/revisions"}],"wp:attachment":[{"href":"https:\/\/linitiative.ca\/International\/wp-json\/wp\/v2\/media?parent=47206"}],"wp:term":[{"taxonomy":"category","embeddable":true,"href":"https:\/\/linitiative.ca\/International\/wp-json\/wp\/v2\/categories?post=47206"},{"taxonomy":"post_tag","embeddable":true,"href":"https:\/\/linitiative.ca\/International\/wp-json\/wp\/v2\/tags?post=47206"}],"curies":[{"name":"wp","href":"https:\/\/api.w.org\/{rel}","templated":true}]}}