{"id":47208,"date":"2019-07-19T07:02:46","date_gmt":"2019-07-19T11:02:46","guid":{"rendered":"https:\/\/linitiative.ca\/International\/can-2019-algerie-senegal-en-finale-inedite\/"},"modified":"2019-07-19T07:02:46","modified_gmt":"2019-07-19T11:02:46","slug":"can-2019-algerie-senegal-en-finale-inedite","status":"publish","type":"post","link":"https:\/\/linitiative.ca\/International\/can-2019-algerie-senegal-en-finale-inedite\/","title":{"rendered":"CAN 2019: Alg\u00e9rie-S\u00e9n\u00e9gal en finale in\u00e9dite"},"content":{"rendered":"<p class=\"c4\"><strong><span class=\"c2\">L<\/span><span class=\"c3\">a CAN 2019 organis\u00e9e en Egypte depuis le 21 juin dernier prend fin ce vendredi 19 juillet. La finale entre l\u2019Alg\u00e9rie et le S\u00e9n\u00e9gal promet beaucoup entre deux adversaires qui restent les meilleurs de cette CAN.<\/span><\/strong><\/p>\n<p class=\"c4\">Les Fennecs de Riad Mehrez avaient pris le meilleur sur les Lions Terangais de Sadio Man\u00e9 (1-0)au 1<sup>er<\/sup> tour. Aujourd\u2019hui, les deux protagonistes vont se rencontrer une seconde fois pour le sacre final. Plusieurs duels se disputeront \u00e0 cette occasion.<\/p>\n<p class=\"c4\">Sur terrain, les deux patrons respectifs sont consid\u00e9r\u00e9s comme les stars les plus en vues de cette\u00a0 CAN-2019 et sont en course pour le Ballon d\u2019or africain. Mahrez, un ailier droit et meneur qui a \u00e9t\u00e9 derri\u00e8re l\u2019exploit des Alg\u00e9riens avec de magnifiques buts dont le plus spectaculaire reste le coup franc d\u00e9cisif en demi-finale contre le Nigeria (2-1). M\u00eame chose pour Sadio Man\u00e9 qui reste un buteur-maison pour les S\u00e9n\u00e9galais.<\/p>\n<p class=\"c4\">L\u2019autre duel se jouera sur le banc de touche entre les coaches des \u00e9quipes, Djamel Bemadi et Aliou Ciss\u00e9, deux amis qui ont grandi en un seul quartier \u00e0 Paris, qui se sont \u00e9clat\u00e9s au championnat de France, qui ont fait les beaux jours de leurs s\u00e9lections respectives\u00a0 en tant que joueurs et qui continuent toujours de le faire aujourd\u2019hui pour un seul titre de champion de cette CAN.<\/p>\n<p class=\"c5\"><strong>Rachid Lebchir<\/strong><\/p>\n<p>Auteur: M&rsquo;hammed rahal<br \/>\n<a href=\"http:\/\/albayane.press.ma\/can-2019-algerie-senegal-en-finale-inedite.html\">Cliquez ici pour lire l&rsquo;article depuis sa source.<\/a><\/p>\n","protected":false},"excerpt":{"rendered":"<p>La CAN 2019 organis\u00e9e en Egypte depuis le 21 juin dernier prend fin ce vendredi 19 juillet. La finale entre l\u2019Alg\u00e9rie et le S\u00e9n\u00e9gal promet beaucoup entre deux adversaires qui restent les meilleurs de cette CAN. Les Fennecs de Riad Mehrez avaient pris le meilleur sur les Lions Terangais de Sadio Man\u00e9 (1-0)au 1er tour. [&hellip;]<\/p>\n","protected":false},"author":1760,"featured_media":0,"comment_status":"closed","ping_status":"closed","sticky":false,"template":"","format":"standard","meta":{"fifu_image_url":"","fifu_image_alt":"","footnotes":""},"categories":[73,54],"tags":[],"class_list":["post-47208","post","type-post","status-publish","format-standard","hentry","category-actualite","category-maroc"],"_links":{"self":[{"href":"https:\/\/linitiative.ca\/International\/wp-json\/wp\/v2\/posts\/47208","targetHints":{"allow":["GET"]}}],"collection":[{"href":"https:\/\/linitiative.ca\/International\/wp-json\/wp\/v2\/posts"}],"about":[{"href":"https:\/\/linitiative.ca\/International\/wp-json\/wp\/v2\/types\/post"}],"author":[{"embeddable":true,"href":"https:\/\/linitiative.ca\/International\/wp-json\/wp\/v2\/users\/1760"}],"replies":[{"embeddable":true,"href":"https:\/\/linitiative.ca\/International\/wp-json\/wp\/v2\/comments?post=47208"}],"version-history":[{"count":0,"href":"https:\/\/linitiative.ca\/International\/wp-json\/wp\/v2\/posts\/47208\/revisions"}],"wp:attachment":[{"href":"https:\/\/linitiative.ca\/International\/wp-json\/wp\/v2\/media?parent=47208"}],"wp:term":[{"taxonomy":"category","embeddable":true,"href":"https:\/\/linitiative.ca\/International\/wp-json\/wp\/v2\/categories?post=47208"},{"taxonomy":"post_tag","embeddable":true,"href":"https:\/\/linitiative.ca\/International\/wp-json\/wp\/v2\/tags?post=47208"}],"curies":[{"name":"wp","href":"https:\/\/api.w.org\/{rel}","templated":true}]}}