{"id":47211,"date":"2019-07-19T05:58:44","date_gmt":"2019-07-19T09:58:44","guid":{"rendered":"https:\/\/linitiative.ca\/International\/fifak-le-premier-festival-africain-du-cinema-amateur-et-independant-du-28-juillet-au-3-aout-2019\/"},"modified":"2019-07-19T05:58:44","modified_gmt":"2019-07-19T09:58:44","slug":"fifak-le-premier-festival-africain-du-cinema-amateur-et-independant-du-28-juillet-au-3-aout-2019","status":"publish","type":"post","link":"https:\/\/linitiative.ca\/International\/fifak-le-premier-festival-africain-du-cinema-amateur-et-independant-du-28-juillet-au-3-aout-2019\/","title":{"rendered":"FIFAK: Le premier festival africain du cin\u00e9ma amateur et ind\u00e9pendant du 28 juillet au 3 ao\u00fbt 2019"},"content":{"rendered":"<p>Le premier festival africain du cin\u00e9ma amateur et ind\u00e9pendant, FIFAK,\u00a0Festival international du film amateur de K\u00e9libia organis\u00e9 par la f\u00e9d\u00e9ration tunisienne des cin\u00e9astes amateurs FTCC et la municipalit\u00e9 de K\u00e9libia se d\u00e9roule pour sa 34\u00e8me \u00e9dition du 28 juillet au 3 ao\u00fbt 2019. Le festival est dirig\u00e9 \u00e0 l\u2019instar de l\u2019ann\u00e9e derni\u00e8re par Aymen Jlili.<\/p>\n<p>Le FIFAK 2019, fond\u00e9\u00a0en 1964, c\u00e9l\u00e8bre cette ann\u00e9e son 55\u00e8me anniversaire et sera marqu\u00e9 par la pr\u00e9sence de plusieurs\u00a0r\u00e9alisateurs en provenance de 21 pays, dont la Tunisie, l\u2019Egypte, le Liban, la Palestine, la Jordanie, le Burkina Faso, la France, l\u2019Ukraine, le Br\u00e9sil et pour la premi\u00e8re fois, la R\u00e9publique d\u2019Ouzb\u00e9kistan<\/p>\n<p>Le FIFAK r\u00e9unit au cours de chaque \u00e9dition,outre le public estivalier, plus de 1200 participants issus de la f\u00e9d\u00e9ration tunisienne des cin\u00e9astes amateurs, des diff\u00e9rentes associations cin\u00e9matographiques tunisiennes, des \u00e9tudiants d\u2019\u00e9coles de cin\u00e9ma\u00a0ainsi que des professionnels et des invit\u00e9s du secteur de l\u2019audiovisuel.<\/p>\n<p>Le documentaire \u00ab\u00a0ENCANTADO, le Br\u00e9sil d\u00e9senchant\u00e9\u00a0\u00bb du r\u00e9alisateur br\u00e9silien Filipe Galvin va \u00eatre projet\u00e9 Lors de la c\u00e9r\u00e9monie inaugurale du festival, qui aura lieu dimanche 28 juillet 2019 au th\u00e9\u00e2tre plein air de K\u00e9libia.<\/p>\n<p class=\"dpsp-share-text\">Partager c&rsquo;est aimer!<\/p>\n<div class=\"wp-post-author-wrap wp-post-author-shortcode left\">\n<h3 class=\"awpa-title\"\/>\n<div class=\"wp-post-author\">\n<div class=\"awpa-img awpa-author-block square\"><a href=\"http:\/\/lexpertjournal.net\/fr\/author\/expert\/\"><img loading=\"lazy\" decoding=\"async\" alt=\"\" src=\"http:\/\/2.gravatar.com\/avatar\/56d99be2a6f97af88ccb49fada637fcd?s=150&#038;d=mm&#038;r=g\" srcset=\"http:\/\/2.gravatar.com\/avatar\/56d99be2a6f97af88ccb49fada637fcd?s=300&#038;d=mm&#038;r=g 2x\" class=\"avatar avatar-150 photo\" height=\"150\" width=\"150\"\/><\/a><\/div>\n<\/div>\n<\/div>\n<p>Auteur: L&rsquo;expert<br \/>\n<a href=\"http:\/\/lexpertjournal.net\/fr\/2019\/07\/19\/fifak-le-premier-festival-africain-du-cinema-amateur-et-independant-du-28-juillet-au-3-aout-2019\/\">Cliquez ici pour lire l&rsquo;article depuis sa source.<\/a><\/p>\n","protected":false},"excerpt":{"rendered":"<p>Le premier festival africain du cin\u00e9ma amateur et ind\u00e9pendant, FIFAK,\u00a0Festival international du film amateur de K\u00e9libia organis\u00e9 par la f\u00e9d\u00e9ration tunisienne des cin\u00e9astes amateurs FTCC et la municipalit\u00e9 de K\u00e9libia se d\u00e9roule pour sa 34\u00e8me \u00e9dition du 28 juillet au 3 ao\u00fbt 2019. Le festival est dirig\u00e9 \u00e0 l\u2019instar de l\u2019ann\u00e9e derni\u00e8re par Aymen Jlili. [&hellip;]<\/p>\n","protected":false},"author":1775,"featured_media":0,"comment_status":"closed","ping_status":"closed","sticky":false,"template":"","format":"standard","meta":{"fifu_image_url":"","fifu_image_alt":"","footnotes":""},"categories":[78,55],"tags":[],"class_list":["post-47211","post","type-post","status-publish","format-standard","hentry","category-economie","category-tunisie"],"_links":{"self":[{"href":"https:\/\/linitiative.ca\/International\/wp-json\/wp\/v2\/posts\/47211","targetHints":{"allow":["GET"]}}],"collection":[{"href":"https:\/\/linitiative.ca\/International\/wp-json\/wp\/v2\/posts"}],"about":[{"href":"https:\/\/linitiative.ca\/International\/wp-json\/wp\/v2\/types\/post"}],"author":[{"embeddable":true,"href":"https:\/\/linitiative.ca\/International\/wp-json\/wp\/v2\/users\/1775"}],"replies":[{"embeddable":true,"href":"https:\/\/linitiative.ca\/International\/wp-json\/wp\/v2\/comments?post=47211"}],"version-history":[{"count":0,"href":"https:\/\/linitiative.ca\/International\/wp-json\/wp\/v2\/posts\/47211\/revisions"}],"wp:attachment":[{"href":"https:\/\/linitiative.ca\/International\/wp-json\/wp\/v2\/media?parent=47211"}],"wp:term":[{"taxonomy":"category","embeddable":true,"href":"https:\/\/linitiative.ca\/International\/wp-json\/wp\/v2\/categories?post=47211"},{"taxonomy":"post_tag","embeddable":true,"href":"https:\/\/linitiative.ca\/International\/wp-json\/wp\/v2\/tags?post=47211"}],"curies":[{"name":"wp","href":"https:\/\/api.w.org\/{rel}","templated":true}]}}