{"id":47215,"date":"2019-07-19T08:21:00","date_gmt":"2019-07-19T12:21:00","guid":{"rendered":"https:\/\/linitiative.ca\/International\/videos-les-manifestants-exigent-la-liberation-des-detenus-dopinion\/"},"modified":"2019-07-19T08:21:00","modified_gmt":"2019-07-19T12:21:00","slug":"videos-les-manifestants-exigent-la-liberation-des-detenus-dopinion","status":"publish","type":"post","link":"https:\/\/linitiative.ca\/International\/videos-les-manifestants-exigent-la-liberation-des-detenus-dopinion\/","title":{"rendered":"[Vid\u00e9os] Les manifestants exigent la lib\u00e9ration des d\u00e9tenus d\u2019opinion"},"content":{"rendered":"<div id=\"originalText\" readability=\"76\">\n<p>Des centaines de manifestants occupent, depuis ce matin, les rues de la capitale, pour participer au 22e vendredi de marche contre le syst\u00e8me.<\/p>\n<p>Les rassemblements de manifestants ont d\u00e9but\u00e9 aux alentours de 10 heures du matin, \u00e0 la Place Audin, en pr\u00e9sence de Benyoucef Mellouk, le c\u00e9l\u00e8bre d\u00e9nonciateur des magistrats faussaires, et qui a \u00e9t\u00e9 port\u00e9 par les manifestants sur leurs \u00e9paules.<\/p>\n<p>Ensemble ils ont scand\u00e9 de nombreux slogans pour exiger la lib\u00e9ration des d\u00e9tenus d\u2019opinion, tels que \u00ab lib\u00e9rez Bourega\u00e2\u00bb, \u00ab\u00a0esp\u00e8ce de corrompus, lib\u00e9rez les d\u00e9tenus\u00a0!\u00a0\u00bb, ou encore \u00ab\u00a0 lib\u00e9rez nos enfants, yal haggarine\u00a0\u00bb.<\/p>\n<p><iframe loading=\"lazy\" allow=\"accelerometer; autoplay; encrypted-media; gyroscope; picture-in-picture\" allowfullscreen=\"\" frameborder=\"0\" height=\"315\" src=\"https:\/\/www.youtube.com\/embed\/spZOawdjrSQ\" width=\"560\">[embedded content]<\/iframe><\/p>\n<p>Les manifestants se sont ensuite dirig\u00e9s vers la place de la Grande Poste, en passant par la rue Didouche Mourad, o\u00f9 des fourgons de police sont stationn\u00e9s sur les abords, depuis le vendredi 28 juin.<\/p>\n<p>Comme \u00e0 l\u2019accoutum\u00e9e, les manifestants n\u2019ont pas manqu\u00e9 de scander des slogans hostiles au G\u00e9n\u00e9ral de corps d\u2019Arm\u00e9e, Ahmed Ga\u00efd Salah, \u00ab\u00a0Gaid Salah pr\u00e9sident de la fitna\u00a0\u00bb, tout en ciblant les g\u00e9n\u00e9raux \u00ab\u00a0Y en a marre des g\u00e9n\u00e9raux, y en a marre\u00a0!\u00a0\u00bb, pouvait-on entendre.<\/p>\n<p>Les manifestants ont aussi et surtout insist\u00e9 sur l\u2019\u00ab\u00c9tat civil\u00bb,\u00a0refusant ainsi, et de mani\u00e8re cat\u00e9gorique, l\u2019\u00e9tablissement \u00ab\u00a0d\u2019un nouveau pouvoir militaire\u00bb.<\/p>\n<p><iframe loading=\"lazy\" allow=\"accelerometer; autoplay; encrypted-media; gyroscope; picture-in-picture\" allowfullscreen=\"\" frameborder=\"0\" height=\"315\" src=\"https:\/\/www.youtube.com\/embed\/Su0AYJJqs8s\" width=\"560\">[embedded content]<\/iframe><iframe loading=\"lazy\" allow=\"accelerometer; autoplay; encrypted-media; gyroscope; picture-in-picture\" allowfullscreen=\"\" frameborder=\"0\" height=\"315\" src=\"https:\/\/www.youtube.com\/embed\/PmBVEshBcK4\" width=\"560\">[embedded content]<\/iframe><\/p>\n<p class=\"c10\"><strong>Sihem Benmalek<\/strong><\/p>\n<\/div>\n<div id=\"text_core\" readability=\"76\">\n<p>Des centaines de manifestants occupent, depuis ce matin, les rues de la capitale, pour participer au 22e vendredi de marche contre le syst\u00e8me.<\/p>\n<p>Les rassemblements de manifestants ont d\u00e9but\u00e9 aux alentours de 10 heures du matin, \u00e0 la Place Audin, en pr\u00e9sence de Benyoucef Mellouk, le c\u00e9l\u00e8bre d\u00e9nonciateur des magistrats faussaires, et qui a \u00e9t\u00e9 port\u00e9 par les manifestants sur leurs \u00e9paules.<\/p>\n<p>Ensemble ils ont scand\u00e9 de nombreux slogans pour exiger la lib\u00e9ration des d\u00e9tenus d\u2019opinion, tels que \u00ab lib\u00e9rez Bourega\u00e2\u00bb, \u00ab\u00a0esp\u00e8ce de corrompus, lib\u00e9rez les d\u00e9tenus\u00a0!\u00a0\u00bb, ou encore \u00ab\u00a0 lib\u00e9rez nos enfants, yal haggarine\u00a0\u00bb.<\/p>\n<p><iframe loading=\"lazy\" allow=\"accelerometer; autoplay; encrypted-media; gyroscope; picture-in-picture\" allowfullscreen=\"\" frameborder=\"0\" height=\"315\" src=\"https:\/\/www.youtube.com\/embed\/spZOawdjrSQ\" width=\"560\">[embedded content]<\/iframe><\/p>\n<p>Les manifestants se sont ensuite dirig\u00e9s vers la place de la Grande Poste, en passant par la rue Didouche Mourad, o\u00f9 des fourgons de police sont stationn\u00e9s sur les abords, depuis le vendredi 28 juin.<\/p>\n<p>Comme \u00e0 l\u2019accoutum\u00e9e, les manifestants n\u2019ont pas manqu\u00e9 de scander des slogans hostiles au G\u00e9n\u00e9ral de corps d\u2019Arm\u00e9e, Ahmed Ga\u00efd Salah, \u00ab\u00a0Gaid Salah pr\u00e9sident de la fitna\u00a0\u00bb, tout en ciblant les g\u00e9n\u00e9raux \u00ab\u00a0Y en a marre des g\u00e9n\u00e9raux, y en a marre\u00a0!\u00a0\u00bb, pouvait-on entendre.<\/p>\n<p>Les manifestants ont aussi et surtout insist\u00e9 sur l\u2019\u00ab\u00c9tat civil\u00bb,\u00a0refusant ainsi, et de mani\u00e8re cat\u00e9gorique, l\u2019\u00e9tablissement \u00ab\u00a0d\u2019un nouveau pouvoir militaire\u00bb.<\/p>\n<p><iframe loading=\"lazy\" allow=\"accelerometer; autoplay; encrypted-media; gyroscope; picture-in-picture\" allowfullscreen=\"\" frameborder=\"0\" height=\"315\" src=\"https:\/\/www.youtube.com\/embed\/Su0AYJJqs8s\" width=\"560\">[embedded content]<\/iframe><iframe loading=\"lazy\" allow=\"accelerometer; autoplay; encrypted-media; gyroscope; picture-in-picture\" allowfullscreen=\"\" frameborder=\"0\" height=\"315\" src=\"https:\/\/www.youtube.com\/embed\/PmBVEshBcK4\" width=\"560\">[embedded content]<\/iframe><\/p>\n<p class=\"c10\"><strong>Sihem Benmalek<\/strong><\/p>\n<\/div>\n<p>Auteur:<br \/>\n<a href=\"https:\/\/www.liberte-algerie.com\/actualite\/videos-les-manifestants-exigent-la-liberation-des-detenus-dopinion-320236\">Cliquez ici pour lire l&rsquo;article depuis sa source.<\/a><\/p>\n","protected":false},"excerpt":{"rendered":"<p>Des centaines de manifestants occupent, depuis ce matin, les rues de la capitale, pour participer au 22e vendredi de marche contre le syst\u00e8me. Les rassemblements de manifestants ont d\u00e9but\u00e9 aux alentours de 10 heures du matin, \u00e0 la Place Audin, en pr\u00e9sence de Benyoucef Mellouk, le c\u00e9l\u00e8bre d\u00e9nonciateur des magistrats faussaires, et qui a \u00e9t\u00e9 [&hellip;]<\/p>\n","protected":false},"author":1742,"featured_media":0,"comment_status":"closed","ping_status":"closed","sticky":false,"template":"","format":"standard","meta":{"fifu_image_url":"","fifu_image_alt":"","footnotes":""},"categories":[73,53],"tags":[],"class_list":["post-47215","post","type-post","status-publish","format-standard","hentry","category-actualite","category-algerie"],"_links":{"self":[{"href":"https:\/\/linitiative.ca\/International\/wp-json\/wp\/v2\/posts\/47215","targetHints":{"allow":["GET"]}}],"collection":[{"href":"https:\/\/linitiative.ca\/International\/wp-json\/wp\/v2\/posts"}],"about":[{"href":"https:\/\/linitiative.ca\/International\/wp-json\/wp\/v2\/types\/post"}],"author":[{"embeddable":true,"href":"https:\/\/linitiative.ca\/International\/wp-json\/wp\/v2\/users\/1742"}],"replies":[{"embeddable":true,"href":"https:\/\/linitiative.ca\/International\/wp-json\/wp\/v2\/comments?post=47215"}],"version-history":[{"count":0,"href":"https:\/\/linitiative.ca\/International\/wp-json\/wp\/v2\/posts\/47215\/revisions"}],"wp:attachment":[{"href":"https:\/\/linitiative.ca\/International\/wp-json\/wp\/v2\/media?parent=47215"}],"wp:term":[{"taxonomy":"category","embeddable":true,"href":"https:\/\/linitiative.ca\/International\/wp-json\/wp\/v2\/categories?post=47215"},{"taxonomy":"post_tag","embeddable":true,"href":"https:\/\/linitiative.ca\/International\/wp-json\/wp\/v2\/tags?post=47215"}],"curies":[{"name":"wp","href":"https:\/\/api.w.org\/{rel}","templated":true}]}}