{"id":47216,"date":"2019-07-18T20:51:34","date_gmt":"2019-07-19T00:51:34","guid":{"rendered":"https:\/\/linitiative.ca\/International\/generation-gnaoua-des-jeunes-souffle-sa-2e-bougie\/"},"modified":"2019-07-18T20:51:34","modified_gmt":"2019-07-19T00:51:34","slug":"generation-gnaoua-des-jeunes-souffle-sa-2e-bougie","status":"publish","type":"post","link":"https:\/\/linitiative.ca\/International\/generation-gnaoua-des-jeunes-souffle-sa-2e-bougie\/","title":{"rendered":"\u00ab\u00a0G\u00e9n\u00e9ration Gnaoua des Jeunes\u00a0\u00bb souffle sa 2\u00e8 bougie"},"content":{"rendered":"<div readability=\"37\">\n<p>Essaouira \u2013 Le Festival \u00ab\u00a0G\u00e9n\u00e9ration Gnaoua des Jeunes\u00a0\u00bb a souffl\u00e9 jeudi en d\u00e9but de soir\u00e9e \u00e0 Essaouira, sa deuxi\u00e8me bougie aux rythmes et sonorit\u00e9s authentiques de cet art ancestral, avec l\u2019organisation d\u2019une d\u00e9ambulation dansante des diff\u00e9rentes troupes gnaouies participantes \u00e0 cette nouvelle \u00e9dition.<\/p>\n<\/div>\n<div readability=\"164\">\n<p>Des jeunes artistes gnaouis d\u2019Essaouira et en provenance de diff\u00e9rentes villes du Royaume ont ainsi pris part \u00e0 cette parade artistique riche en couleurs, qui a d\u00e9marr\u00e9 de la Place El Mechouar \u00e0 destination de la Place Moulay El Hassan, sous les ovations ininterrompues d\u2019un public venu en masse renouer avec l\u2019art gnaoui dans ses dimensions artistique, culturelle, rituelle et spirituelle les plus \u00e9loquentes.<\/p>\n<p>A la Place Moulay El Hassan, les diff\u00e9rentes troupes participantes et des groupes de musique traditionnelle, \u00e0 l\u2019instar de Hmadcha, ont, chacun \u00e0 tour de r\u00f4le, gratifi\u00e9 les Souiris et les visiteurs de la cit\u00e9 des Aliz\u00e9s, d\u2019une prestation artistique de toute beaut\u00e9 o\u00f9 sonorit\u00e9s et danses se sont m\u00eal\u00e9es en toute subtilit\u00e9 et avec une synchronisation in\u00e9galable, donnant ainsi un avant-go\u00fbt aux festivaliers pour les autres spectacles \u00e0 venir dans le cadre de ce rendez-vous renouvel\u00e9 de l\u2019art gnaoui.<\/p>\n<p>Un \u00e9v\u00e9nement sign\u00e9 l\u2019Association Origines Gnaoua Essaouira qui, en cette premi\u00e8re journ\u00e9e, a su transformer les coins travers\u00e9s par les troupes participantes en une v\u00e9ritable sc\u00e8ne musicale et artistique \u00e0 ciel ouvert, pour le bonheur et le plaisir d\u2019un public enchant\u00e9 et envahi par le d\u00e9sir de d\u00e9couvrir cette musique de transe.<\/p>\n<p>Pour clore cette premi\u00e8re soir\u00e9e en beaut\u00e9, les festivaliers se sont donn\u00e9s rendez-vous \u00e0 l\u2019espace Monde de \u00a0\u00bbDar Souiri\u00a0\u00bb pour un concert musical des plus all\u00e9chants, mettant c\u00f4te \u00e0 c\u00f4te l\u2019ensemble des M\u00e2alems participants \u00e0 ce Festival 100% Jeunes, d\u00e9di\u00e9 \u00e0 la pr\u00e9servation, \u00e0 la promotion et surtout \u00e0 la transmission de l\u2019art gnaoui aux g\u00e9n\u00e9rations montantes.<\/p>\n<p>Dans une allocution de circonstance, M. Anass Azza, pr\u00e9sident de l\u2019Association \u00ab\u00a0Origines Gnaoua Essaouira\u00a0\u00bb, a dit toute sa joie et sa fiert\u00e9 de voir ce festival f\u00eater son 2\u00e8me anniversaire, rappelant que l\u2019objectif de ce rendez-vous est de cr\u00e9er un espace d\u2019expression au profit des jeunes, \u00e0 m\u00eame de leur permettre de mettre en avant leurs talents et exploiter leurs \u00e9nergies positives.<\/p>\n<p>\u00ab\u00a0Ce festival port\u00e9 par des jeunes souiris n\u2019est autre que l\u2019illustration de leur engagement constant \u00e0 s\u2019inscrire dans tous les efforts visant \u00e0 promouvoir et \u00e0 pr\u00e9server cet art ancestral pour les g\u00e9n\u00e9rations futures, mais aussi \u00e0 le faire conna\u00eetre et le rendre proche du public aussi bien au niveau national qu\u2019au-del\u00e0 des fronti\u00e8res\u00a0\u00bb, a-t-il dit, mettant en avant l\u2019impact de ce festival sur les plans touristique et \u00e9conomique et son r\u00f4le dans l\u2019enrichissement de la sc\u00e8ne artistique et culturelle de la cit\u00e9 des Aliz\u00e9s.<\/p>\n<p>Le Festival \u00a0\u00bbG\u00e9n\u00e9ration Gnaoua des Jeunes\u00a0\u00bb est aussi un espace d\u2019expression, d\u2019\u00e9panouissement et de promotion des valeurs de citoyennet\u00e9, a poursuivi M. Azza, r\u00e9it\u00e9rant l\u2019engagement de l\u2019Association \u00a0\u00bbOrigines Gnaoua pour les Jeunes\u00a0\u00bb \u00e0 pers\u00e9v\u00e9rer sur la voie de l\u2019excellence en vue de p\u00e9renniser ce rendez-vous. Il a aussi fait part de ses vifs remerciements aux autorit\u00e9s locales, aux partenaires et \u00e0 l\u2019Association Essaouira-Mogador pour leur appui.<\/p>\n<p>Au nom de l\u2019Association Essaouira-Mogador, M. Ahmed Harrouz a rappel\u00e9 que ce festival se veut un v\u00e9ritable \u00a0\u00bbproduit\u00a0\u00bb de jeunes souiris d\u00e9termin\u00e9s \u00e0 pr\u00e9server cet art ancestral en tant qu\u2019un tout indivisible regroupant musique, culture, art, mode de vie et rituel, se f\u00e9licitant de voir cette manifestation jeter des passerelles entre ces jeunes et de grands Ma\u00e2lems gnaouis qui ont beaucoup donn\u00e9 \u00e0 cet art. \u00a0\u00bbCe festival est un hommage \u00e0 l\u2019oeuvre de tous ces Ma\u00e2lems\u00a0\u00bb, a-t-il dit.<\/p>\n<p>Ce festival illustre l\u2019action s\u00e9rieuse et engag\u00e9e visant la pr\u00e9servation du patrimoine culturel en g\u00e9n\u00e9ral et celui gnaoui en particulier, un legs qui appartient \u00e0 tous les Marocains, a-t-il indiqu\u00e9, louant au passage les efforts d\u00e9ploy\u00e9s au niveau d\u2019Essaouira aussi bien par les jeunes que par les diff\u00e9rentes zaouias pour la pr\u00e9servation d\u2019un patrimoine qui rel\u00e8ve de l\u2019identit\u00e9 nationale.<\/p>\n<p>\u00ab\u00a0Notre ambition est de parvenir \u00e0 avoir deux festivals par mois au niveau de la ville d\u2019Essaouira\u00a0\u00bb, a dit M. Harrouz, citant \u00e0 titre d\u2019exemple quelques festivals et moussems \u00ab\u00a0formidables\u00a0\u00bb \u00e0 l\u2019instar du festival Gnaoua et Musiques du Monde ou encore le Festival des Jeunes talents Gnaoua qui se tiendra en ao\u00fbt prochain.<\/p>\n<p>Il a insist\u00e9 sur la n\u00e9cessit\u00e9 d\u2019appuyer ces jeunes et de les encourager car leur ambition porte sur la pr\u00e9servation et la transmission de cet art, soulignant qu\u2019ils sont de jeunes talents qui contribuent au rayonnement de Tagnaouite \u00e0 l\u2019\u00e9chelle nationale comme au plan international.<\/p>\n<p>Cette nouvelle \u00e9dition s\u2019annonce riche en \u00e9motions et en rythmes et sonorit\u00e9s d\u2019un art ancestral qui, de par sa singularit\u00e9 et sa richesse en tant que musique, culture et rituel, a su transcender les fronti\u00e8res nationales pour \u00e9pouser l\u2019universalit\u00e9 et \u00eatre d\u00e9sormais destin\u00e9 \u00e0 l\u2019ensemble de l\u2019humanit\u00e9.<\/p>\n<p>Le Festival \u00a0\u00bbG\u00e9n\u00e9ration Gnaoua des Jeunes\u00a0\u00bb rassemblera encore, cette ann\u00e9e, divers groupes gnaouis d\u2019Essaouira ainsi que d\u2019autres villes du Maroc, pour des pr\u00e9sentations musicales comp\u00e9titives concernant le patrimoine gnaoui traditionnel, avec le suivi et l\u2019encadrement d\u2019un Jury compos\u00e9 des ma\u00e2lems Ahmed Bakbou (Marrakech), Abdelkader Amlil (Rabat) et Hamid Dakaki (F\u00e8s).<\/p>\n<p>L\u2019un des moments forts de cette \u00e9dition sera un colloque autour de la th\u00e9matique \u00a0\u00bble patrimoine gnaoui et les jeunes pour le d\u00e9veloppement et l\u2019\u00e9change interculturel\u00a0\u00bb, outre une exposition de toiles et une Lilla Gnaouia (soir\u00e9e musciale).<\/p>\n<p>Les festivaliers auront aussi \u00e0 appr\u00e9cier une exposition collective de toiles sign\u00e9es Mohyi Eddine Dahhaoui, Redouane Oulasri et Hassan Ajou.<\/p>\n<p>Au menu figure \u00e9galement des soir\u00e9es anim\u00e9es par les Ma\u00e2lems Mouhssine Chalah (Essaouira), Zouha\u00efr Tahlaoui (Safi), Ismael Benaadi (Essaouira), Jalal Hachad (Casablanca), Amine Boujah (Essaouira), et Soufiane Biskouane (Marrakech), outre une c\u00e9r\u00e9monie de remise de prix aux diff\u00e9rents laur\u00e9ats de cette \u00e9dition.<\/p>\n<\/div>\n<p>Auteur: Meriem IGASS<br \/>\n<a href=\"http:\/\/www.mapmarrakech.ma\/fr\/le-festival-generation-gnaoua-des-jeunes-souffle-sa-2e-bougie\/\">Cliquez ici pour lire l&rsquo;article depuis sa source.<\/a><\/p>\n","protected":false},"excerpt":{"rendered":"<p>Essaouira \u2013 Le Festival \u00ab\u00a0G\u00e9n\u00e9ration Gnaoua des Jeunes\u00a0\u00bb a souffl\u00e9 jeudi en d\u00e9but de soir\u00e9e \u00e0 Essaouira, sa deuxi\u00e8me bougie aux rythmes et sonorit\u00e9s authentiques de cet art ancestral, avec l\u2019organisation d\u2019une d\u00e9ambulation dansante des diff\u00e9rentes troupes gnaouies participantes \u00e0 cette nouvelle \u00e9dition. Des jeunes artistes gnaouis d\u2019Essaouira et en provenance de diff\u00e9rentes villes du [&hellip;]<\/p>\n","protected":false},"author":1788,"featured_media":0,"comment_status":"closed","ping_status":"closed","sticky":false,"template":"","format":"standard","meta":{"fifu_image_url":"","fifu_image_alt":"","footnotes":""},"categories":[54,76],"tags":[],"class_list":["post-47216","post","type-post","status-publish","format-standard","hentry","category-maroc","category-regions"],"_links":{"self":[{"href":"https:\/\/linitiative.ca\/International\/wp-json\/wp\/v2\/posts\/47216","targetHints":{"allow":["GET"]}}],"collection":[{"href":"https:\/\/linitiative.ca\/International\/wp-json\/wp\/v2\/posts"}],"about":[{"href":"https:\/\/linitiative.ca\/International\/wp-json\/wp\/v2\/types\/post"}],"author":[{"embeddable":true,"href":"https:\/\/linitiative.ca\/International\/wp-json\/wp\/v2\/users\/1788"}],"replies":[{"embeddable":true,"href":"https:\/\/linitiative.ca\/International\/wp-json\/wp\/v2\/comments?post=47216"}],"version-history":[{"count":0,"href":"https:\/\/linitiative.ca\/International\/wp-json\/wp\/v2\/posts\/47216\/revisions"}],"wp:attachment":[{"href":"https:\/\/linitiative.ca\/International\/wp-json\/wp\/v2\/media?parent=47216"}],"wp:term":[{"taxonomy":"category","embeddable":true,"href":"https:\/\/linitiative.ca\/International\/wp-json\/wp\/v2\/categories?post=47216"},{"taxonomy":"post_tag","embeddable":true,"href":"https:\/\/linitiative.ca\/International\/wp-json\/wp\/v2\/tags?post=47216"}],"curies":[{"name":"wp","href":"https:\/\/api.w.org\/{rel}","templated":true}]}}