{"id":47218,"date":"2019-07-18T21:22:10","date_gmt":"2019-07-19T01:22:10","guid":{"rendered":"https:\/\/linitiative.ca\/International\/environnement-journee-de-sensibilisation-des-eleves\/"},"modified":"2019-07-18T21:22:10","modified_gmt":"2019-07-19T01:22:10","slug":"environnement-journee-de-sensibilisation-des-eleves","status":"publish","type":"post","link":"https:\/\/linitiative.ca\/International\/environnement-journee-de-sensibilisation-des-eleves\/","title":{"rendered":"Environnement: Journ\u00e9e de sensibilisation des \u00e9l\u00e8ves"},"content":{"rendered":"<div readability=\"39\">\n<p>Essaouira \u2013 Une journ\u00e9e d\u2019information et de sensibilisation de jeunes \u00e9l\u00e8ves et \u00e9tudiants, issus de plusieurs \u00e9tablissements scolaires de la cit\u00e9 des Aliz\u00e9s, sur l\u2019imp\u00e9ratif du respect et de la protection de l\u2019environnement, a \u00e9t\u00e9 organis\u00e9e jeudi, \u00e0 l\u2019initiative d\u2019Essaouira Innovation Lab.<\/p>\n<\/div>\n<div readability=\"125\">\n<p>Cette journ\u00e9e de sensibilisation, initi\u00e9e en partenariat avec la direction provinciale de l\u2019Education Nationale, s\u2019ins\u00e8re dans le sillage des \u00a0\u00bbSummer Design Days Gestion et Valorisation des d\u00e9chets\u00a0\u00bb qui ont eu lieu les 16 et 17 juillet \u00e0 Essaouira.<\/p>\n<p>Elle s\u2019inscrit \u00e9galement dans le cadre d\u2019un programme concoct\u00e9 par Essaouira Innovation Lab, et qui se d\u00e9cline en plusieurs activit\u00e9s et actions destin\u00e9es \u00e0 conscientiser et \u00e0 inciter les diff\u00e9rentes composantes de la population souirie et \u00e0 les sensibiliser quant \u00e0 la n\u00e9cessit\u00e9 d\u2019\u00eatre des acteurs agissants et engag\u00e9s, selon une approche participative et concert\u00e9e, pour apporter des solutions \u00e0 nombre de probl\u00e9matiques qui s\u2019imposent \u00e0 l\u2019\u00e9chelle provinciale, expliquent les organisateurs.<\/p>\n<p>Et de poursuivre que la finalit\u00e9 \u00e9tant, en outre, de parvenir \u00e0 asseoir les bases d\u2019un nouveau mod\u00e8le de d\u00e9veloppement durable inclusif.<\/p>\n<p>Selon les organisateurs, de grands efforts sont d\u00e9ploy\u00e9s en partenariat avec diff\u00e9rents d\u00e9partements gouvernementaux concern\u00e9s au niveau provincial, en vue d\u2019explorer les diff\u00e9rentes possibilit\u00e9s et opportunit\u00e9s offertes pour ins\u00e9rer la question de la protection de l\u2019environnement dans les diff\u00e9rents programmes et cursus scolaires, \u00e0 travers l\u2019organisation, \u00e0 l\u2019\u00e9chelle provinciale, d\u2019ateliers, de journ\u00e9es et de rencontres d\u00e9di\u00e9s \u00e0 ces questions.<\/p>\n<p>A travers cette journ\u00e9e, l\u2019objectif escompt\u00e9 est d\u2019informer et de sensibiliser un groupe de jeunes qui seront de v\u00e9ritables \u00ab\u00a0ambassadeurs\u00a0\u00bb aupr\u00e8s de leurs coll\u00e8gues au sein des \u00e9tablissements scolaires, des quartiers de la ville et m\u00eame chez-eux et ce, dans l\u2019optique de pouvoir \u00e9largir ult\u00e9rieurement la base des b\u00e9n\u00e9ficiaires, ont-ils pr\u00e9cis\u00e9.<\/p>\n<p>Lors de cette journ\u00e9e de sensibilisation, une trentaine de jeunes \u00e9coliers ont ainsi pris part \u00e0 un atelier d\u2019information et de sensibilisation sur la question de la gestion et de la valorisation des d\u00e9chets, anim\u00e9 par Mme Souad Belca\u00efd, TOP 50 Global Teacher 2015, en provenance de Boston qui a, \u00e0 cette occasion, inform\u00e9 les jeunes b\u00e9n\u00e9ficiaires de la m\u00e9thode \u00ab\u00a03R\u00a0\u00bb : \u00a0\u00bbR\u00e9duire, R\u00e9utiliser et Recycler\u00a0\u00bb concernant la gestion et la valorisation des d\u00e9chets.<\/p>\n<p>A cette occasion, Mme Belca\u00efd a incit\u00e9 les jeunes \u00e9l\u00e8ves et \u00e9tudiants \u00e0 changer de comportements et d\u2019habitudes en adoptant des pratiques responsables et saines pour pr\u00e9server la plan\u00e8te et garantir un environnement propre pour les g\u00e9n\u00e9rations montantes, insistant sur la n\u00e9cessit\u00e9 pour tous de veiller sur la rationalisation des utilisations d\u2019eau et d\u2019\u00e9lectricit\u00e9.<\/p>\n<p>Par la suite, les jeunes b\u00e9n\u00e9ficiaires on eu droit \u00e0 une s\u00e9ance d\u2019\u00e9change et de partage avec le Champion mondial Souiri de Windsurf, Boujem\u00e2a Guilloul, autour des comportements \u00e0 adopter et la nature de la relation \u00e0 tisser avec l\u2019oc\u00e9an et le littoral et ce, avec un focus sur sa riche exp\u00e9rience professionnelle dans ce domaine.<\/p>\n<p>Au menu de cette journ\u00e9e figure \u00e9galement un troisi\u00e8me atelier consacr\u00e9 \u00e0 un travail manuel afin d\u2019amener les b\u00e9n\u00e9ficiaires \u00e0 r\u00e9utiliser des d\u00e9chets m\u00e9nagers pour la construction d\u2019une voiture, outre un atelier pour la r\u00e9utilisation de contenants plastiques pour fabriquer une figurine, anim\u00e9 par Mostafa Dahhaoui, ing\u00e9nieur-paysagiste.<\/p>\n<p>Cette journ\u00e9e de sensibilisation a permis \u00e9galement aux jeunes b\u00e9n\u00e9ficiaires de formuler des propositions et de partager des connaissances et des informations, tout en faisant part de leurs aspirations pour voir Essaouira, cit\u00e9 avec 0 d\u00e9chets.<\/p>\n<p>Cr\u00e9\u00e9 en d\u00e9cembre 2018, Essaouira Innovation Lab est un tiers-lieu d\u2019innovation territorial ouvert et inclusif dans lequel des experts m\u00e9tiers volontaires travaillent en \u00e9troite collaboration avec l\u2019ensemble des acteurs locaux, publics et priv\u00e9s pour co-concevoir des solutions innovantes, durables et adapt\u00e9es aux besoins et ambitions de la province.<\/p>\n<p>Essaouira Innovation Lab a mis la promotion de l\u2019intelligence collective au centre de son action car l\u2019enjeu du collaboratif et du collectif est plus que d\u00e9terminant pour la r\u00e9ussite du d\u00e9veloppement inclusif et p\u00e9renne de nos territoires, estime-t-on.<\/p>\n<\/div>\n<p>Auteur: Meriem IGASS<br \/>\n<a href=\"http:\/\/www.mapmarrakech.ma\/fr\/environnement-journee-de-sensibilisation-des-jeunes-ecoliers\/\">Cliquez ici pour lire l&rsquo;article depuis sa source.<\/a><\/p>\n","protected":false},"excerpt":{"rendered":"<p>Essaouira \u2013 Une journ\u00e9e d\u2019information et de sensibilisation de jeunes \u00e9l\u00e8ves et \u00e9tudiants, issus de plusieurs \u00e9tablissements scolaires de la cit\u00e9 des Aliz\u00e9s, sur l\u2019imp\u00e9ratif du respect et de la protection de l\u2019environnement, a \u00e9t\u00e9 organis\u00e9e jeudi, \u00e0 l\u2019initiative d\u2019Essaouira Innovation Lab. Cette journ\u00e9e de sensibilisation, initi\u00e9e en partenariat avec la direction provinciale de l\u2019Education [&hellip;]<\/p>\n","protected":false},"author":1788,"featured_media":0,"comment_status":"closed","ping_status":"closed","sticky":false,"template":"","format":"standard","meta":{"fifu_image_url":"","fifu_image_alt":"","footnotes":""},"categories":[54,76],"tags":[],"class_list":["post-47218","post","type-post","status-publish","format-standard","hentry","category-maroc","category-regions"],"_links":{"self":[{"href":"https:\/\/linitiative.ca\/International\/wp-json\/wp\/v2\/posts\/47218","targetHints":{"allow":["GET"]}}],"collection":[{"href":"https:\/\/linitiative.ca\/International\/wp-json\/wp\/v2\/posts"}],"about":[{"href":"https:\/\/linitiative.ca\/International\/wp-json\/wp\/v2\/types\/post"}],"author":[{"embeddable":true,"href":"https:\/\/linitiative.ca\/International\/wp-json\/wp\/v2\/users\/1788"}],"replies":[{"embeddable":true,"href":"https:\/\/linitiative.ca\/International\/wp-json\/wp\/v2\/comments?post=47218"}],"version-history":[{"count":0,"href":"https:\/\/linitiative.ca\/International\/wp-json\/wp\/v2\/posts\/47218\/revisions"}],"wp:attachment":[{"href":"https:\/\/linitiative.ca\/International\/wp-json\/wp\/v2\/media?parent=47218"}],"wp:term":[{"taxonomy":"category","embeddable":true,"href":"https:\/\/linitiative.ca\/International\/wp-json\/wp\/v2\/categories?post=47218"},{"taxonomy":"post_tag","embeddable":true,"href":"https:\/\/linitiative.ca\/International\/wp-json\/wp\/v2\/tags?post=47218"}],"curies":[{"name":"wp","href":"https:\/\/api.w.org\/{rel}","templated":true}]}}