{"id":47219,"date":"2019-07-18T22:10:32","date_gmt":"2019-07-19T02:10:32","guid":{"rendered":"https:\/\/linitiative.ca\/International\/proces-dimlil-sentences-justes-et-equitables\/"},"modified":"2019-07-18T22:10:32","modified_gmt":"2019-07-19T02:10:32","slug":"proces-dimlil-sentences-justes-et-equitables","status":"publish","type":"post","link":"https:\/\/linitiative.ca\/International\/proces-dimlil-sentences-justes-et-equitables\/","title":{"rendered":"Proc\u00e8s d\u2019Imlil: Sentences \u00ab\u00a0justes et \u00e9quitables\u00a0\u00bb"},"content":{"rendered":"<div readability=\"38\">\n<p>Sal\u00e9 \u2013 Les sentences prononc\u00e9es jeudi par la Chambre criminelle charg\u00e9e des affaires du terrorisme pr\u00e8s l\u2019annexe de la Cour d\u2019appel \u00e0 Sal\u00e9 \u00e0 l\u2019encontre des accus\u00e9s dans l\u2019affaire du meurtre des deux touristes scandinaves dans la r\u00e9gion d\u2019Imlil (province d\u2019El-Haouz), sont \u00ab\u00a0justes et \u00e9quitables\u00a0\u00bb, a soulign\u00e9 l\u2019avocat de la victime danoise, Khalid Fettaoui.<\/p>\n<\/div>\n<div readability=\"144\">\n<p>Dans une d\u00e9claration \u00e0 la presse, M. Fettaoui s\u2019est dit \u00ab\u00a0tout \u00e0 fait d\u2019accord avec le verdict, que ce soit les dur\u00e9es des peines privatives de libert\u00e9s, la peine capitale ou la perp\u00e9tuit\u00e9, m\u00eame si la Cour n\u2019a pas condamn\u00e9 les accus\u00e9s \u00e0 verser les d\u00e9dommagements r\u00e9clam\u00e9s par la partie civile\u00a0\u00bb.<\/p>\n<p>\u00ab\u00a0Les peines de morts prononc\u00e9es ne sont pas motiv\u00e9es par la revanche, mais pr\u00e9vues par le code p\u00e9nal\u00a0\u00bb, a-t-il relev\u00e9, saluant le professionnalisme et le s\u00e9rieux dont a fait preuve le pouvoir judiciaire durant ce proc\u00e8s.<\/p>\n<p>Notant que la partie civile dispose d\u2019autres voies pour demander r\u00e9paration devant le tribunal administratif, l\u2019avocat a fait part de son soutien \u00e0 la d\u00e9cision de la Cour de ne pas engager la responsabilit\u00e9 de l\u2019Etat dans cette affaire, \u00e9tant donn\u00e9 qu\u2019il n\u2019a commis aucune faute de service et que les requ\u00eates d\u2019indemnisation doivent \u00eatre introduites aupr\u00e8s de la juridiction administrative comp\u00e9tente\u00a0\u00bb.<\/p>\n<p>Pour sa part, l\u2019avocat Jaber Moulay Rehal, commis d\u2019office pour repr\u00e9senter certains mis en cause, dans le cadre de l\u2019assistance judiciaire, a annonc\u00e9 que la d\u00e9fense compte interjeter appel, en tant que \u00ab\u00a0droit conf\u00e9r\u00e9\u00a0\u00bb et \u00ab\u00a0discuter l\u2019affaire sous ses angles juridique et pratique\u00a0\u00bb, devant la juridiction de second degr\u00e9.<\/p>\n<p>La Chambre criminelle charg\u00e9e des affaires du terrorisme pr\u00e8s l\u2019annexe de la Cour d\u2019appel \u00e0 Sal\u00e9 a prononc\u00e9, jeudi, des peines allant de cinq ans de prison ferme \u00e0 la peine capitale \u00e0 l\u2019encontre des accus\u00e9s dans cette affaire.<\/p>\n<p>Ainsi, les trois principaux accus\u00e9s, Abdessamad El Joud, Youn\u00e8s Ouziad et Rachid Afati, ont \u00e9t\u00e9 condamn\u00e9s \u00e0 la peine de mort. Quant \u00e0 Abderrahmane Khayali, il a \u00e9t\u00e9 condamn\u00e9 \u00e0 la perp\u00e9tuit\u00e9.<\/p>\n<p>Par ailleurs, une peine de 30 ans de r\u00e9clusion ferme a \u00e9t\u00e9 prononc\u00e9e contre Nouredine Belaabed, Hicham Nazih et Khmayej Abdelk\u00e9bir et 25 ans de prison ferme pour Abdellatif Driouch, Hamid Ait Hmed, Abdelghani Chaati et Aaqel Zeghari.<\/p>\n<p>La chambre criminelle a, \u00e9galement, condamn\u00e9 \u00e0 20 ans de prison ferme Said Toufiq, Amine Dimane, Abdelaziz Feriat et l\u2019accus\u00e9 portant la double nationalit\u00e9 suisse-espagnole, Kevin Zoller Guervos.<\/p>\n<p>De m\u00eame, Ayoub Chellaoui a \u00e9cop\u00e9 d\u2019une peine de 18 ans de prison ferme et Bachid Driouch, Rachid Ouali, Mohamed Chakor et Abdeslam Idriss, de 15 ans de prison ferme.<\/p>\n<p>Mohamed Salah, Nouredine Khili, Said Khiyali et Abdellah Ouafi ont \u00e9t\u00e9 condamn\u00e9s, respectivement, \u00e0 12 ans de prison, 8 ans de prison assortie d\u2019une amende de 10.000 dhs, 6 ans de prison et 5 ans de prison ferme.<\/p>\n<p>La Cour a, de m\u00eame, d\u00e9clar\u00e9 irrecevable la requ\u00eate pr\u00e9sent\u00e9e contre l\u2019Etat marocain en la personne du chef du gouvernement et l\u2019agent judiciaire du Royaume.<\/p>\n<p>Elle a, par ailleurs, condamn\u00e9 les 4 principaux accus\u00e9s , Abdessamad El Joud, Youn\u00e8s Ouziad, Rachid Afati et Abderrahmane Khayali, \u00e0 verser solidairement 2 millions de dirhams au titre de r\u00e9paration pour la partie civile.<\/p>\n<p>Les accus\u00e9s \u00e9taient poursuivis pour \u00ab\u00a0constitution d\u2019une bande pour pr\u00e9parer et commettre des actes terroristes, atteinte \u00e0 la vie de personnes avec pr\u00e9m\u00e9ditation, possession d\u2019armes \u00e0 feu et tentative de fabrication d\u2019explosifs en violation de la loi, dans le cadre d\u2019un projet collectif visant \u00e0 porter gravement atteinte \u00e0 l\u2019ordre public\u00a0\u00bb.<\/p>\n<p>Dans le cadre des investigations effectu\u00e9es apr\u00e8s la d\u00e9couverte des corps sans vie de deux touristes \u00e9trang\u00e8res dans la r\u00e9gion d\u2019Imlil, le Bureau central d\u2019investigations judiciaires (BCIJ) relevant de la Direction g\u00e9n\u00e9rale de la surveillance du territoire national, avait annonc\u00e9 l\u2019arrestation des personnes accus\u00e9es, en collaboration avec la Gendarmerie Royale et la S\u00fbret\u00e9 nationale.<\/p>\n<\/div>\n<p>Auteur: Meriem IGASS<br \/>\n<a href=\"http:\/\/www.mapmarrakech.ma\/fr\/proces-dimlil-sentences-justes-et-equitables\/\">Cliquez ici pour lire l&rsquo;article depuis sa source.<\/a><\/p>\n","protected":false},"excerpt":{"rendered":"<p>Sal\u00e9 \u2013 Les sentences prononc\u00e9es jeudi par la Chambre criminelle charg\u00e9e des affaires du terrorisme pr\u00e8s l\u2019annexe de la Cour d\u2019appel \u00e0 Sal\u00e9 \u00e0 l\u2019encontre des accus\u00e9s dans l\u2019affaire du meurtre des deux touristes scandinaves dans la r\u00e9gion d\u2019Imlil (province d\u2019El-Haouz), sont \u00ab\u00a0justes et \u00e9quitables\u00a0\u00bb, a soulign\u00e9 l\u2019avocat de la victime danoise, Khalid Fettaoui. Dans [&hellip;]<\/p>\n","protected":false},"author":1788,"featured_media":0,"comment_status":"closed","ping_status":"closed","sticky":false,"template":"","format":"standard","meta":{"fifu_image_url":"","fifu_image_alt":"","footnotes":""},"categories":[54,76],"tags":[],"class_list":["post-47219","post","type-post","status-publish","format-standard","hentry","category-maroc","category-regions"],"_links":{"self":[{"href":"https:\/\/linitiative.ca\/International\/wp-json\/wp\/v2\/posts\/47219","targetHints":{"allow":["GET"]}}],"collection":[{"href":"https:\/\/linitiative.ca\/International\/wp-json\/wp\/v2\/posts"}],"about":[{"href":"https:\/\/linitiative.ca\/International\/wp-json\/wp\/v2\/types\/post"}],"author":[{"embeddable":true,"href":"https:\/\/linitiative.ca\/International\/wp-json\/wp\/v2\/users\/1788"}],"replies":[{"embeddable":true,"href":"https:\/\/linitiative.ca\/International\/wp-json\/wp\/v2\/comments?post=47219"}],"version-history":[{"count":0,"href":"https:\/\/linitiative.ca\/International\/wp-json\/wp\/v2\/posts\/47219\/revisions"}],"wp:attachment":[{"href":"https:\/\/linitiative.ca\/International\/wp-json\/wp\/v2\/media?parent=47219"}],"wp:term":[{"taxonomy":"category","embeddable":true,"href":"https:\/\/linitiative.ca\/International\/wp-json\/wp\/v2\/categories?post=47219"},{"taxonomy":"post_tag","embeddable":true,"href":"https:\/\/linitiative.ca\/International\/wp-json\/wp\/v2\/tags?post=47219"}],"curies":[{"name":"wp","href":"https:\/\/api.w.org\/{rel}","templated":true}]}}