{"id":47220,"date":"2019-07-19T09:59:04","date_gmt":"2019-07-19T13:59:04","guid":{"rendered":"https:\/\/linitiative.ca\/International\/skikda-10-milliards-da-pour-le-developpement-de-la-wilaya\/"},"modified":"2019-07-19T09:59:04","modified_gmt":"2019-07-19T13:59:04","slug":"skikda-10-milliards-da-pour-le-developpement-de-la-wilaya","status":"publish","type":"post","link":"https:\/\/linitiative.ca\/International\/skikda-10-milliards-da-pour-le-developpement-de-la-wilaya\/","title":{"rendered":"Skikda: 10 milliards DA pour le d\u00e9veloppement de la wilaya"},"content":{"rendered":"<div>\n<div class=\"K2FeedImage\"><img decoding=\"async\" src=\"http:\/\/www.aps.dz\/media\/k2\/items\/cache\/fe7a6f1a0d01b4b56d1fc859773f588e_S.jpg\" alt=\"Skikda: 10 milliards DA pour le d\u00e9veloppement de la wilaya\"><\/div>\n<div class=\"K2FeedIntroText\">\n<p><strong>SKIKDA &#8211; Le ministre de l\u2019Int\u00e9rieur, des Collectivit\u00e9s Locales et de l\u2019Am\u00e9nagement du Territoire, Salah Eddine Dahmoune, a d\u00e9cid\u00e9 jeudi \u00e0 Skikda l\u2019octroi \u00e0 cette wilaya de 10 milliards DA pour la concr\u00e9tisation de divers projets de d\u00e9veloppement.<\/strong><\/p>\n<\/div>\n<div class=\"K2FeedFullText\">\n<p>Lors d\u2019une conf\u00e9rence de presse tenue \u00e0 l&rsquo;issu de sa visite de travail, le ministre a indiqu\u00e9 que cette enveloppe a \u00e9t\u00e9 d\u00e9cid\u00e9e au terme du travail d\u2019une \u00e9quipe d\u2019inspection d\u00e9p\u00each\u00e9e depuis une semaine vers la wilaya et charg\u00e9e de d\u00e9finir les insuffisances, les besoins et les demandes de la population.<\/p>\n<p>Il a assur\u00e9 que cette enveloppe sera consacr\u00e9e \u00e0 la concr\u00e9tisation \u00ab\u00a0d\u2019importants\u00a0\u00bb projets notamment d\u2019am\u00e9nagement urbain dans les 38 communes de la wilaya et la construction de 50 stades de proximit\u00e9 et des stades omnisports.<\/p>\n<p>Elle financera \u00e9galement la r\u00e9alisation d\u2019une station d\u2019\u00e9puration des eaux us\u00e9es dans la ville de Collo, a indiqu\u00e9 le ministre qui a soulign\u00e9 que suite aux plaintes de nombre d\u2019imams relatives \u00e0 l\u2019ins\u00e9curit\u00e9 dans certaines mosqu\u00e9es, des instructions fermes ont \u00e9t\u00e9 donn\u00e9es aux wali et services de s\u00e9curit\u00e9 pour combattre ce ph\u00e9nom\u00e8ne.<\/p>\n<hr>\n<h3>Lire aussi:\u00a0<a href=\"http:\/\/www.aps.dz\/regions\/92150-un-programme-special-de-logement-au-profit-de-la-wilaya-de-skikda\" target=\"_blank\" rel=\"noopener noreferrer\">Un programme sp\u00e9cial de logement au profit de la wilaya de Skikda<\/a><\/h3>\n<hr>\n<p>Il a \u00e9galement rappel\u00e9 que depuis deux mois, des instructions ont \u00e9t\u00e9 donn\u00e9es pour la prise en charge des demandes de logements de plus de 6.000 imams au titre des diverses formules montrant ainsi l\u2019int\u00e9r\u00eat accord\u00e9 par l\u2019Etat \u00e0 l\u2019imam.<\/p>\n<p>Le ministre a soulign\u00e9 qu\u2019en pr\u00e9vision de la rentr\u00e9e scolaire prochaine, des pr\u00e9paratifs intenses sont en cours incluant l\u2019ex\u00e9cution de travaux d\u2019entretien et de r\u00e9habilitation dans plus de 10.000 \u00e9coles \u00e0 travers le pays.<\/p>\n<p>Lors de l\u2019inauguration d\u2019un CEM dans la commune de Skikda, il a insist\u00e9 sur l\u2019utilisation des \u00e9nergies renouvelables dans les \u00e9tablissements scolaires.<\/p>\n<p>Le ministre a inspect\u00e9 dans l\u2019apr\u00e8s-midi, le camp d\u2019\u00e9t\u00e9 des enfants des travailleurs du secteur de l\u2019Int\u00e9rieur, des Collectivit\u00e9s Locales et de l\u2019Am\u00e9nagement du Territoire, organis\u00e9 par les services de la wilaya de Batna avant d\u2019inaugurer la piscine semi-olympique apr\u00e8s sa r\u00e9habilitation.<\/p>\n<\/div>\n<\/div>\n<p>Auteur:<br \/>\n<a href=\"http:\/\/www.aps.dz\/regions\/92152-skikda-10-milliards-da-pour-le-developpement-de-la-wilaya\">Cliquez ici pour lire l&rsquo;article depuis sa source.<\/a><\/p>\n","protected":false},"excerpt":{"rendered":"<p>SKIKDA &#8211; Le ministre de l\u2019Int\u00e9rieur, des Collectivit\u00e9s Locales et de l\u2019Am\u00e9nagement du Territoire, Salah Eddine Dahmoune, a d\u00e9cid\u00e9 jeudi \u00e0 Skikda l\u2019octroi \u00e0 cette wilaya de 10 milliards DA pour la concr\u00e9tisation de divers projets de d\u00e9veloppement. Lors d\u2019une conf\u00e9rence de presse tenue \u00e0 l&rsquo;issu de sa visite de travail, le ministre a indiqu\u00e9 [&hellip;]<\/p>\n","protected":false},"author":1790,"featured_media":47221,"comment_status":"closed","ping_status":"closed","sticky":false,"template":"","format":"standard","meta":{"fifu_image_url":"","fifu_image_alt":"","footnotes":""},"categories":[53,76],"tags":[],"class_list":["post-47220","post","type-post","status-publish","format-standard","has-post-thumbnail","hentry","category-algerie","category-regions"],"_links":{"self":[{"href":"https:\/\/linitiative.ca\/International\/wp-json\/wp\/v2\/posts\/47220","targetHints":{"allow":["GET"]}}],"collection":[{"href":"https:\/\/linitiative.ca\/International\/wp-json\/wp\/v2\/posts"}],"about":[{"href":"https:\/\/linitiative.ca\/International\/wp-json\/wp\/v2\/types\/post"}],"author":[{"embeddable":true,"href":"https:\/\/linitiative.ca\/International\/wp-json\/wp\/v2\/users\/1790"}],"replies":[{"embeddable":true,"href":"https:\/\/linitiative.ca\/International\/wp-json\/wp\/v2\/comments?post=47220"}],"version-history":[{"count":0,"href":"https:\/\/linitiative.ca\/International\/wp-json\/wp\/v2\/posts\/47220\/revisions"}],"wp:featuredmedia":[{"embeddable":true,"href":"https:\/\/linitiative.ca\/International\/wp-json\/"}],"wp:attachment":[{"href":"https:\/\/linitiative.ca\/International\/wp-json\/wp\/v2\/media?parent=47220"}],"wp:term":[{"taxonomy":"category","embeddable":true,"href":"https:\/\/linitiative.ca\/International\/wp-json\/wp\/v2\/categories?post=47220"},{"taxonomy":"post_tag","embeddable":true,"href":"https:\/\/linitiative.ca\/International\/wp-json\/wp\/v2\/tags?post=47220"}],"curies":[{"name":"wp","href":"https:\/\/api.w.org\/{rel}","templated":true}]}}