{"id":47222,"date":"2019-07-19T10:26:50","date_gmt":"2019-07-19T14:26:50","guid":{"rendered":"https:\/\/linitiative.ca\/International\/bac-2019-tizi-ouzou-1e-pour-la-douzieme-fois-consecutive-avec-plus-de-71-de-taux-de-reussite\/"},"modified":"2019-07-19T10:26:50","modified_gmt":"2019-07-19T14:26:50","slug":"bac-2019-tizi-ouzou-1e-pour-la-douzieme-fois-consecutive-avec-plus-de-71-de-taux-de-reussite","status":"publish","type":"post","link":"https:\/\/linitiative.ca\/International\/bac-2019-tizi-ouzou-1e-pour-la-douzieme-fois-consecutive-avec-plus-de-71-de-taux-de-reussite\/","title":{"rendered":"BAC 2019: Tizi-Ouzou 1e pour la douzi\u00e8me fois cons\u00e9cutive avec plus de 71% de taux de r\u00e9ussite"},"content":{"rendered":"<div>\n<div class=\"K2FeedIntroText\">\n<p><strong>TIZI-OUZOU &#8211; La wilaya de Tizi-Ouzou pr\u00e9serve, pour la douzi\u00e8me ann\u00e9e cons\u00e9cutive, sa premi\u00e8re place \u00e0 l&rsquo;\u00e9chelle nationale en terme de r\u00e9ussite \u00e0 l&rsquo;examen du baccalaur\u00e9at en r\u00e9alisant \u00e0 la session de juin 2019 un taux de 71,60%, a-t-on appris, jeudi soir de la cellule de communication de la wilaya.<\/strong><\/p>\n<\/div>\n<div class=\"K2FeedFullText\">\n<p>Selon cette m\u00eame source un total de 65 lyc\u00e9es sur les 68 que compte la wilaya ont obtenu une moyenne sup\u00e9rieure \u00e0 la moyenne nationale qui est de 54,56%. Le lyc\u00e9e d&rsquo;Abizar dans la commune de Timizart (da\u00efra d&rsquo;Azeffoune) est arriv\u00e9 en t\u00eate de ce classement avec une moyenne de 96,88% de r\u00e9ussite \u00e0 cet examen de passage \u00e0 l&rsquo;universit\u00e9.<\/p>\n<p>L&rsquo;\u00e9l\u00e8ve Hemzaoui Imane du lyc\u00e9e Dehmani Mohamed de Boghni a d\u00e9croch\u00e9 la meilleure moyenne de la wilaya en obtenant un 18,58\/20 aux \u00e9preuves du BAC.<\/p>\n<p>En outre un total de 304 bacheliers ont obtenu une moyenne \u00e9gale ou sup\u00e9rieur \u00e0 16\/20, 48 autres ont d\u00e9croch\u00e9 le BAC avec une moyenne de plus de 17\/20, a-t-on ajout\u00e9.<\/p>\n<p>La wilaya a pr\u00e9sent\u00e9 ses f\u00e9licitations aux laur\u00e9ats et \u00e0 leurs parents, aux enseignants et \u00e0 tout le corps \u00e9ducatif pour ces \u00a0\u00bbbrillants\u00a0\u00bb r\u00e9sultats.<\/p>\n<p>D\u00e8s l&rsquo;annonce des r\u00e9sultats, des bacheliers ont exprim\u00e9 leurs joie en d\u00e9filant \u00e0 bord de v\u00e9hicules avec leurs parents et amis, alors que des youyou fusaient de partout dans les quartiers et villages de la wilaya.<\/p>\n<p>\u00a0<\/p>\n<\/div>\n<\/div>\n<p>Auteur:<br \/>\n<a href=\"http:\/\/www.aps.dz\/regions\/92156-bac-2019-tizi-ouzou-1e-pour-la-douzieme-fois-consecutive-avec-plus-de-71-de-taux-de-reussite\">Cliquez ici pour lire l&rsquo;article depuis sa source.<\/a><\/p>\n","protected":false},"excerpt":{"rendered":"<p>TIZI-OUZOU &#8211; La wilaya de Tizi-Ouzou pr\u00e9serve, pour la douzi\u00e8me ann\u00e9e cons\u00e9cutive, sa premi\u00e8re place \u00e0 l&rsquo;\u00e9chelle nationale en terme de r\u00e9ussite \u00e0 l&rsquo;examen du baccalaur\u00e9at en r\u00e9alisant \u00e0 la session de juin 2019 un taux de 71,60%, a-t-on appris, jeudi soir de la cellule de communication de la wilaya. Selon cette m\u00eame source un [&hellip;]<\/p>\n","protected":false},"author":1790,"featured_media":0,"comment_status":"closed","ping_status":"closed","sticky":false,"template":"","format":"standard","meta":{"fifu_image_url":"","fifu_image_alt":"","footnotes":""},"categories":[53,76],"tags":[],"class_list":["post-47222","post","type-post","status-publish","format-standard","hentry","category-algerie","category-regions"],"_links":{"self":[{"href":"https:\/\/linitiative.ca\/International\/wp-json\/wp\/v2\/posts\/47222","targetHints":{"allow":["GET"]}}],"collection":[{"href":"https:\/\/linitiative.ca\/International\/wp-json\/wp\/v2\/posts"}],"about":[{"href":"https:\/\/linitiative.ca\/International\/wp-json\/wp\/v2\/types\/post"}],"author":[{"embeddable":true,"href":"https:\/\/linitiative.ca\/International\/wp-json\/wp\/v2\/users\/1790"}],"replies":[{"embeddable":true,"href":"https:\/\/linitiative.ca\/International\/wp-json\/wp\/v2\/comments?post=47222"}],"version-history":[{"count":0,"href":"https:\/\/linitiative.ca\/International\/wp-json\/wp\/v2\/posts\/47222\/revisions"}],"wp:attachment":[{"href":"https:\/\/linitiative.ca\/International\/wp-json\/wp\/v2\/media?parent=47222"}],"wp:term":[{"taxonomy":"category","embeddable":true,"href":"https:\/\/linitiative.ca\/International\/wp-json\/wp\/v2\/categories?post=47222"},{"taxonomy":"post_tag","embeddable":true,"href":"https:\/\/linitiative.ca\/International\/wp-json\/wp\/v2\/tags?post=47222"}],"curies":[{"name":"wp","href":"https:\/\/api.w.org\/{rel}","templated":true}]}}