{"id":47227,"date":"2019-07-19T15:14:02","date_gmt":"2019-07-19T19:14:02","guid":{"rendered":"https:\/\/linitiative.ca\/International\/equipe-dalgerie-matmour-la-logique-veut-que-lalgerie-gagne-la-can-mais\/"},"modified":"2019-07-19T15:14:02","modified_gmt":"2019-07-19T19:14:02","slug":"equipe-dalgerie-matmour-la-logique-veut-que-lalgerie-gagne-la-can-mais","status":"publish","type":"post","link":"https:\/\/linitiative.ca\/International\/equipe-dalgerie-matmour-la-logique-veut-que-lalgerie-gagne-la-can-mais\/","title":{"rendered":"Equipe d&rsquo;Alg\u00e9rie : Matmour : \u00abLa logique veut que l\u2019Alg\u00e9rie gagne la CAN, mais\u2026\u00bb"},"content":{"rendered":"<div readability=\"32\">\n<p>Auteur : <span>Sa\u00efd Fellak<\/span> <span class=\"time\">vendredi 19 juillet 2019 12:20<\/span><\/p>\n<\/div>\n<div id=\"post_core\" readability=\"87\">\n<p>L\u2019ancien international alg\u00e9rien Karim Matmour, reconverti d\u00e9sormais en tant que coach, a accept\u00e9 de r\u00e9pondre \u00e0 nos questions et d\u2019\u00e9voquer avec nous cette finale de la CAN pr\u00e9vue ce soir face au S\u00e9n\u00e9gal. L\u2019ancien joueur du Borussia M\u00f6nchengladbach assure que les Verts m\u00e9ritent largement de remporter le tournoi suite \u00e0 leur parcours excellent.<\/p>\n<p><strong>L\u2019Alg\u00e9rie affrontera ce vendredi soir le S\u00e9n\u00e9gal en finale de la CAN 2019. Comment voyez-vous cette confrontation ?<\/strong><br \/>Comme toutes les finales, c\u2019est le r\u00e9sultat \u00e0 la fin qui comptera. L\u2019Alg\u00e9rie a r\u00e9alis\u00e9 jusque-l\u00e0 un parcours exceptionnel et t\u00e2chera de le conclure par une derniere victoire. \u00c7a ne va pas \u00eatre un match facile \u00e0 g\u00e9rer, mais au final, il faudra le gagner pour survoler l\u2019Afrique.\u00a0<br \/><strong>Quand on voit le parcours justement des deux s\u00e9lections dans cette CAN, beaucoup d\u2019observateurs voient l\u2019Alg\u00e9rie favorite. Etes-vous d\u2019accord ?<\/strong><br \/>Ce terme \u00ab favori\u2019 \u00bb n\u2019aura plus lieu d\u2019\u00eatre lors d\u2019une finale. Apr\u00e8s, il est vrai que lorsqu\u2019on voit le parcours de l\u2019Alg\u00e9rie, le plus logique, c\u2019est de la voir gagner ce vendredi. Maintenant dans une finale, tout peut arriver, on ne peut rien pr\u00e9dire \u00e0 l\u2019avance. \u00c7a se jouera sur des d\u00e9tails. L\u2019Alg\u00e9rie a battu cette \u00e9quipe s\u00e9n\u00e9galaise lors de la phase de poules, mais l\u00e0, \u00e7a sera un autre match, c\u2019est s\u00fbr.\u00a0<br \/><strong>Le fait d\u2019avoir battu cette \u00e9quipe du S\u00e9n\u00e9gal au premier tour cela va-t-il permettre aux joueurs d\u2019aborder cette finale avec plus de confiance ou au contraire, la m\u00e9fiance restera de mise ?<\/strong><br \/>Il y aura un peu des deux. C\u2019est bien d\u2019\u00eatre confiant, mais pas beaucoup cependant. Le S\u00e9n\u00e9gal reste un adversaire redoutable et difficile \u00e0 manier. On les a battus d\u00e9j\u00e0 et on peut les battre de nouveau, mais soyez-s\u00fbr que les S\u00e9n\u00e9galais seront revanchards et ne voudront pas s\u2019incliner deux fois de suite dans une m\u00eame comp\u00e9tition. Nos joueurs doivent rester concentr\u00e9s et aborder cette finale le plus sereinement possible.\u00a0<br \/><strong>Sinc\u00e8rement, vous vous attendiez \u00e0 ce parcours parfait jusque-l\u00e0 de la s\u00e9lection nationale ?<\/strong><br \/>Croyez-moi, d\u00e8s le premier match face au Kenya, je sentais que l\u2019EN pouvait aller au bout de cette comp\u00e9tition. C\u2019est tout \u00e0 fait logique de voir notre s\u00e9lection arriver en finale car elle a remport\u00e9 tous ses matchs et avec l\u2019art et la maniere. Franchement, l\u2019\u00e9quipe a montr\u00e9 un tr\u00e8s beau visage et m\u00e9riterait de soulever le troph\u00e9e.\u00a0<br \/><strong>Comment nos joueurs doivent-ils, selon vous, aborder cette finale ?<\/strong><br \/>Il faudra g\u00e9rer ses \u00e9motions et rester concentr\u00e9s jusqu\u2019au bout. C\u2019est vrai que \u00e7a sera une finale, mais \u00e7a restera un match de football comme les autres. Il faut penser \u00e0 jouer sans penser aux cons\u00e9quences. \u00c7a ne sert \u00e0 rien de se mettre de la pression inutilement. Il faut rester focus sur ce match et ne penser \u00e0 rien d\u2019autres.\u00a0<br \/><strong>Tactiquement, comment avez-vous trouv\u00e9 la s\u00e9lection nationale ?<\/strong><br \/>On a domin\u00e9 tous nos adversaires, cela veut dire que tactiquement, on \u00e9tait meilleurs. L\u2019\u00e9quipe \u00e9tait parfaitement \u00e9quilibr\u00e9e et tous les joueurs ont tenu leurs r\u00f4les de mani\u00e8re parfaite. D\u00e9fensivement, on \u00e9tait bons et offensivement, le coach a su donner de la libert\u00e9 aux attaquants. Un \u00e9quilibre gagnant au final.\u00a0<br \/><strong>Depuis la g\u00e9n\u00e9ration de 2010 et except\u00e9 le parcours en Coupe du monde 2014, on n\u2019a plus vu une telle solidarit\u00e9 entre les joueurs au sein de la s\u00e9lection nationale. Comment expliquez-vous le retour de cet \u00e9tat d\u2019esprit dans le groupe ?<\/strong><br \/>C\u2019est simple, c\u2019est gr\u00e2ce \u00e0 l\u2019entraineur. Ce dernier a bien cern\u00e9 le probl\u00e8me et on a vu qu\u2019il a beaucoup mis\u00e9 sur la communication avec ses joueurs pour que ces derniers retrouvent cet \u00e9tat d\u2019esprit qui faisait jadis notre force. Il est tr\u00e8s important d\u2019avoir un groupe soud\u00e9 si une \u00e9quipe veut aller loin dans une comp\u00e9tition, notamment comme de la CAN. On a bien vu que les joueurs \u00e9taient tous solidaires les uns pour les autres et d\u00e9termin\u00e9s \u00e0 gagner tous les matchs. Un Yacine Brahimi qui n\u2019a quasiment pas jou\u00e9 dans cette comp\u00e9tition est rest\u00e9 calme et sans rien dire, malgr\u00e9 que ce n\u2019est pas facile de perdre sa place alors qu\u2019on a quasiment toujours \u00e9t\u00e9 titulaire. Regardez Mahrez aussi, ce n\u2019est pas de ses habitudes de d\u00e9fendre. L\u00e0, durant cette CAN, on l\u2019a vu \u00e0 chaque match participer aux t\u00e2ches d\u00e9fensives et revenir \u00e0 hauteur de Atal ou Zeffane. Tout \u00e7a, le public l\u2019a bien vu et c\u2019est pour cela qu\u2019il a commenc\u00e9 \u00e0 r\u00eaver du sacre final d\u00e8s l\u2019entame du tournoi quasiment.\u00a0<br \/><strong>L\u2019engouement autour de cette s\u00e9lection est grand actuellement que ce soit en Alg\u00e9rie ou ailleurs, \u00e0 l\u2019\u00e9tranger. Le fait que les supporters vont se d\u00e9placer en masse au Caire pour cette finale, cela va-t-il motiver encore plus les joueurs ?<\/strong><br \/>J\u2019imagine que les joueurs sont d\u00e9j\u00e0 tr\u00e8s motiv\u00e9s. Jouer une finale, \u00e7a n\u2019arrive pas tout le temps dans une carri\u00e8re d\u2019un joueur. Pour autant, il est clair que l\u2019appuie des supporters peut un facteur motivant et \u00e9videmment, les joueurs seront ravis de compter sur l\u2019appuie de leurs supporters. Tous ensemble, ils voudront \u00e9crire l\u2019histoire.\u00a0<br \/><strong>Votre pronostic concernant cette finale ?<\/strong><br \/>Je vois une victoire de l\u2019Alg\u00e9rie 2-1.\u00a0<br \/><strong>Qui seront les deux buteurs alg\u00e9riens ?<\/strong><br \/>Je ne sais pas (rires), mais franchement, j\u2019aimerais vraiment que Bounedjah marque au moins un but. Il a tellement donn\u00e9 dans cette CAN qu\u2019il m\u00e9rite de marquer en finale.\u00a0<\/p>\n<p><strong>Publi\u00e9 dans :<\/strong> <span>Bounedjah<\/span> <span>Mahrez.<\/span> <span>Karim Matmour<\/span> <span>zeffane<\/span><\/p>\n<\/div>\n<p>Auteur:<br \/>\n<a href=\"http:\/\/www.lebuteur.com\/article\/detail?titre=matmour-la-logique-veut-que-lalgerie-gagne-la-can-mais%E2%80%A6&#038;id=90497&#038;utm_source=feedburner&#038;utm_medium=feed&#038;utm_campaign=Feed%3A+GalerieFArtciles+%28Les+derniers+articles++-+lebuteur.com%29\">Cliquez ici pour lire l&rsquo;article depuis sa source.<\/a><\/p>\n","protected":false},"excerpt":{"rendered":"<p>Auteur : Sa\u00efd Fellak vendredi 19 juillet 2019 12:20 L\u2019ancien international alg\u00e9rien Karim Matmour, reconverti d\u00e9sormais en tant que coach, a accept\u00e9 de r\u00e9pondre \u00e0 nos questions et d\u2019\u00e9voquer avec nous cette finale de la CAN pr\u00e9vue ce soir face au S\u00e9n\u00e9gal. L\u2019ancien joueur du Borussia M\u00f6nchengladbach assure que les Verts m\u00e9ritent largement de remporter [&hellip;]<\/p>\n","protected":false},"author":1738,"featured_media":47228,"comment_status":"closed","ping_status":"closed","sticky":false,"template":"","format":"standard","meta":{"fifu_image_url":"","fifu_image_alt":"","footnotes":""},"categories":[53,75],"tags":[],"class_list":["post-47227","post","type-post","status-publish","format-standard","has-post-thumbnail","hentry","category-algerie","category-sport"],"_links":{"self":[{"href":"https:\/\/linitiative.ca\/International\/wp-json\/wp\/v2\/posts\/47227","targetHints":{"allow":["GET"]}}],"collection":[{"href":"https:\/\/linitiative.ca\/International\/wp-json\/wp\/v2\/posts"}],"about":[{"href":"https:\/\/linitiative.ca\/International\/wp-json\/wp\/v2\/types\/post"}],"author":[{"embeddable":true,"href":"https:\/\/linitiative.ca\/International\/wp-json\/wp\/v2\/users\/1738"}],"replies":[{"embeddable":true,"href":"https:\/\/linitiative.ca\/International\/wp-json\/wp\/v2\/comments?post=47227"}],"version-history":[{"count":0,"href":"https:\/\/linitiative.ca\/International\/wp-json\/wp\/v2\/posts\/47227\/revisions"}],"wp:featuredmedia":[{"embeddable":true,"href":"https:\/\/linitiative.ca\/International\/wp-json\/"}],"wp:attachment":[{"href":"https:\/\/linitiative.ca\/International\/wp-json\/wp\/v2\/media?parent=47227"}],"wp:term":[{"taxonomy":"category","embeddable":true,"href":"https:\/\/linitiative.ca\/International\/wp-json\/wp\/v2\/categories?post=47227"},{"taxonomy":"post_tag","embeddable":true,"href":"https:\/\/linitiative.ca\/International\/wp-json\/wp\/v2\/tags?post=47227"}],"curies":[{"name":"wp","href":"https:\/\/api.w.org\/{rel}","templated":true}]}}