{"id":47229,"date":"2019-07-19T15:14:04","date_gmt":"2019-07-19T19:14:04","guid":{"rendered":"https:\/\/linitiative.ca\/International\/equipe-dalgerie-la-force-du-peuple-est-en-vous-alors-battez-vous\/"},"modified":"2019-07-19T15:14:04","modified_gmt":"2019-07-19T19:14:04","slug":"equipe-dalgerie-la-force-du-peuple-est-en-vous-alors-battez-vous","status":"publish","type":"post","link":"https:\/\/linitiative.ca\/International\/equipe-dalgerie-la-force-du-peuple-est-en-vous-alors-battez-vous\/","title":{"rendered":"Equipe d&rsquo;Alg\u00e9rie : La force du peuple est en vous, alors battez-vous !"},"content":{"rendered":"<div readability=\"32\">\n<p>Auteur : <span>Nacym Djender<\/span> <span class=\"time\">vendredi 19 juillet 2019 12:20<\/span><\/p>\n<\/div>\n<div id=\"post_core\" readability=\"88\">\n<p>Enfin, on est l\u00e0 ! En Egypte, au Caire,\u00a0 le 19 juillet 2019 et on se pr\u00e9pare \u00e0 vivre l\u2019un des moments les plus importants du football alg\u00e9rien. Un des jours les plus glorieux du peuple fouteux d\u2019Alg\u00e9rie : la finale de la CAN, avec nos Verts sur le terrain pour en d\u00e9coudre avec les Lions de la Terrenga du S\u00e9n\u00e9gal d\u2019une place tout en haut de la pyramide d\u2019Afrique.\u00a0 On est l\u00e0, comme on l\u2019a tous esp\u00e9r\u00e9 en cachette, presque honteusement, sans doute g\u00ean\u00e9s, surpris mais fiers \u00e0 la fois, au fil des victoires incroyables des Verts, que peu envisageaient de cette mani\u00e8re si \u00e9clatante, si cinglante. Surtout apr\u00e8s avoir enterr\u00e9 cette pauvre EN qui n\u2019arrivait pas \u00e0 s\u2019en remettre depuis le Mondial-2014.\u00a0<br \/>\u00a0<br \/><strong>Relever le \u201cnif\u201d national\u00a0<\/strong><br \/>\u00a0Oui, on est l\u00e0, et permettez-nous chers Verts de nous imposer \u00e0 la table de votre r\u00e9ussite, de votre succ\u00e8s, m\u00eame si peu d\u2019entre nous croyaient en vous avant la CAN. Permettez-nous de partager ce moment historique avec vous, afin de vous envoyer notre profond soutien en m\u00eame temps que nos excuses. Pour vous avoir malmen\u00e9s, d\u00e9cri\u00e9s, conspu\u00e9s afin de vous pousser \u00e0 vous r\u00e9veiller et relever notre \u201cnif\u201d national cher au peuple alg\u00e9rien.\u00a0<br \/>\u00a0<br \/><strong>La grinta des Z\u2019Hommes !<\/strong><br \/>Aujourd\u2019hui, vous avez montr\u00e9 que les Verts sont de retour, que l&rsquo;Alg\u00e9rie n\u2019a jamais perdu son football, encore moins la grinta de ses Z\u2019Hommes. Vous \u00eates rest\u00e9s solidaires jusqu\u2019au bout et c\u2019est cela qui vous a permis de danser, chanter et pleurer de joie. De faire pleurer tout un peuple fou de son \u00c9quipe nationale, fou de ses joueurs lorsqu\u2019ils jouent avec le c\u0153ur, avec les tripes comme vous l\u2019avez fait. Lorsqu\u2019ils incarnent comme vous l\u2019avez si bien fait jusque-l\u00e0, les guerriers qu\u2019ils aiment et qu\u2019ils admirent lorsqu\u2019ils se battent pour l\u2019honneur du peuple, pour l\u2019amour des couleurs de l\u2019Alg\u00e9rie.<br \/>\u00a0<br \/><strong>Graver vos noms \u00e0 jamais\u00a0dans nos c\u0153urs<\/strong><br \/>\u00a0 Vos t\u00eates sont encore trop fra\u00eeches pour comprendre ce que vous \u00eates en train de r\u00e9aliser. Et l\u2019on a envie de vous faire rappeler \u00e0 chaque seconde de ce jour b\u00e9ni, que l\u2019Histoire est en marche et qu\u2019il ne vous reste qu\u2019un seule marche \u00e0 sauter pour dessiner cette si belle deuxi\u00e8me \u00e9toile sur notre beau maillot vert. Mais aussi, graver vos noms \u00e0 tout jamais dans les c\u0153urs et les t\u00eates de vos s\u0153urs et vos fr\u00e8res qui sont d\u00e9j\u00e0 si fiers.\u00a0<br \/>\u00a0<br \/><strong>Aucun conseil \u00e0 vous donner,\u00a0\u00e9coutez juste ce g\u00e9nie de Belmadi !<\/strong><br \/>On sait que vous avez d\u00e9j\u00e0 tout donn\u00e9 pour \u00eatre en finale. Que vous vous \u00eates battus comme de vrais guerriers pour y \u00eatre et que vous \u00eates pr\u00eats \u00e0 mouiller encore une fois le maillot pour arracher cette Coupe des mains de vos adversaires. Par fiert\u00e9, par le courage, la combativit\u00e9 et la fraternit\u00e9 qui vous a soud\u00e9s et unis autour d\u2019un staff de braves orchestr\u00e9 par un coach surprenant admirable par son g\u00e9nie. Les journalistes et les supporteurs n\u2019ont aucun conseil \u00e0 vous donner lorsqu\u2019on sait que vous \u00eates dirig\u00e9s par Djamel Belmadi. Ce qu\u2019il a r\u00e9ussi en si peu de temps r\u00e9v\u00e8le justement son g\u00e9nie et vous enveloppe totalement de la garantie de vous battre encore comme des fr\u00e8res, des hommes \u00e0 jamais unis.\u00a0 \u00a0 \u00a0 \u00a0<\/p>\n<p><strong>Toute l&rsquo;Alg\u00e9rie prie pour vous\u00a0\u00a0<\/strong><br \/>Jouez encore comme vous l\u2019avez fait, pour vous, vos familles, vos proches, votre gloire et celle de votre peuple qui a tout d\u00e9laiss\u00e9 pour vous accompagner de son c\u0153ur vers la victoire. Vous ne pouvez pas imaginer combien nos c\u0153urs sont serr\u00e9s pour vous voir gagner ce soir. Vous ne pouvez pas imaginer combien on stresse, on angoisse \u00e0 mesure que les secondes passent. Toute l&rsquo;Alg\u00e9rie prie pour vous. Tout le peuple pleure et rit avec vous, car en cette p\u00e9riode si fragilisante politiquement pour le pays, il nous reste l\u2019EN de nos Guerriers pour nous caresser les c\u0153urs et nous essuyer les larmes.<br \/>\u00a0<br \/><strong>Sortez les Guerriers qu\u2019on conna\u00eet\u00a0<\/strong><br \/>Vous savez ce que vous avez \u00e0 faire pour nous rendre heureux ce soir, pour nous rendre encore plus fiers d\u2019appartenir \u00e0 ce pays que nous aimons et ch\u00e9rissons \u00e0 la folie, \u00e0 l\u2019infinie. Battez-vous donc, \u201cencore une fois, encore un soir, pour semer dans nos c\u0153urs votre bonheur\u2026\u201d La force est en vous. La force de tout le peuple, de toute l&rsquo;Alg\u00e9rie est en vous. Gagnez-nous ce match, gagnez notre reconnaissance \u00e9ternelle. Et faites-nous sortir dans les rues pour crier la folie de vous aimer et de vous respecter \u00e0 tout jamais. Sortez les Guerriers qu\u2019on conna\u00eet et ramenez-nous cette Coupe d\u2019Afrique qui nous fait r\u00eaver. Forcez le destin ! Ecrivez votre Histoire.\u00a0<br \/>\u00a0<\/p>\n<p><strong>Publi\u00e9 dans :<\/strong> <span>Djamel Belmadi.<\/span><\/p>\n<\/div>\n<p>Auteur:<br \/>\n<a href=\"http:\/\/www.lebuteur.com\/article\/detail?titre=la-force-du-peuple-est-en-vous-alors-battez-vous&#038;id=90496&#038;utm_source=feedburner&#038;utm_medium=feed&#038;utm_campaign=Feed%3A+GalerieFArtciles+%28Les+derniers+articles++-+lebuteur.com%29\">Cliquez ici pour lire l&rsquo;article depuis sa source.<\/a><\/p>\n","protected":false},"excerpt":{"rendered":"<p>Auteur : Nacym Djender vendredi 19 juillet 2019 12:20 Enfin, on est l\u00e0 ! En Egypte, au Caire,\u00a0 le 19 juillet 2019 et on se pr\u00e9pare \u00e0 vivre l\u2019un des moments les plus importants du football alg\u00e9rien. Un des jours les plus glorieux du peuple fouteux d\u2019Alg\u00e9rie : la finale de la CAN, avec nos [&hellip;]<\/p>\n","protected":false},"author":1738,"featured_media":47230,"comment_status":"closed","ping_status":"closed","sticky":false,"template":"","format":"standard","meta":{"fifu_image_url":"","fifu_image_alt":"","footnotes":""},"categories":[53,75],"tags":[],"class_list":["post-47229","post","type-post","status-publish","format-standard","has-post-thumbnail","hentry","category-algerie","category-sport"],"_links":{"self":[{"href":"https:\/\/linitiative.ca\/International\/wp-json\/wp\/v2\/posts\/47229","targetHints":{"allow":["GET"]}}],"collection":[{"href":"https:\/\/linitiative.ca\/International\/wp-json\/wp\/v2\/posts"}],"about":[{"href":"https:\/\/linitiative.ca\/International\/wp-json\/wp\/v2\/types\/post"}],"author":[{"embeddable":true,"href":"https:\/\/linitiative.ca\/International\/wp-json\/wp\/v2\/users\/1738"}],"replies":[{"embeddable":true,"href":"https:\/\/linitiative.ca\/International\/wp-json\/wp\/v2\/comments?post=47229"}],"version-history":[{"count":0,"href":"https:\/\/linitiative.ca\/International\/wp-json\/wp\/v2\/posts\/47229\/revisions"}],"wp:featuredmedia":[{"embeddable":true,"href":"https:\/\/linitiative.ca\/International\/wp-json\/"}],"wp:attachment":[{"href":"https:\/\/linitiative.ca\/International\/wp-json\/wp\/v2\/media?parent=47229"}],"wp:term":[{"taxonomy":"category","embeddable":true,"href":"https:\/\/linitiative.ca\/International\/wp-json\/wp\/v2\/categories?post=47229"},{"taxonomy":"post_tag","embeddable":true,"href":"https:\/\/linitiative.ca\/International\/wp-json\/wp\/v2\/tags?post=47229"}],"curies":[{"name":"wp","href":"https:\/\/api.w.org\/{rel}","templated":true}]}}