{"id":47231,"date":"2019-07-19T15:14:06","date_gmt":"2019-07-19T19:14:06","guid":{"rendered":"https:\/\/linitiative.ca\/International\/equipe-dalgerie-zeffane-on-espere-aller-au-bout\/"},"modified":"2019-07-19T15:14:06","modified_gmt":"2019-07-19T19:14:06","slug":"equipe-dalgerie-zeffane-on-espere-aller-au-bout","status":"publish","type":"post","link":"https:\/\/linitiative.ca\/International\/equipe-dalgerie-zeffane-on-espere-aller-au-bout\/","title":{"rendered":"Equipe d&rsquo;Alg\u00e9rie : Zeffane: \u00abOn esp\u00e8re aller au bout\u00bb"},"content":{"rendered":"<div readability=\"32\">\n<p>Auteur : <span>Moumen A.<\/span> <span class=\"time\">vendredi 19 juillet 2019 12:20<\/span><\/p>\n<\/div>\n<div id=\"post_core\" readability=\"62\">\n<p>Youcef Atal out pour le match de ce soir, c\u2019est Mehdi Zeffane qui devra encore une fois le remplacer. Le lat\u00e9ral droit form\u00e9 \u00e0 l\u2019Olympique Lyonnais, que nous avons accost\u00e9 juste avant l\u2019entame de la derni\u00e8re s\u00e9ance d\u2019entra\u00eenement, a r\u00e9pondu \u00e0 nos questions et nous a parl\u00e9 de la rencontre de ce soir qui opposera les Lions de la T\u00e9ranga aux Verts. Interview.<\/p>\n<p><strong>Pour commencer, comment comptez-vous aborder la rencontre de ce vendredi ?<\/strong><br \/>Ce ne sera pas facile, mais nous esp\u00e9rons aller au bout. Notre adversaire n\u2019est plus \u00e0 pr\u00e9senter, nous allons affronter l\u2019une des meilleures s\u00e9lections de ce tournoi. Nous savons tr\u00e8s bien ce qu\u2019on attend de nous et nous comptons faire tout ce qu\u2019il faut afin que nous r\u00e9pondions pr\u00e9sents.<br \/><strong>Vous avez d\u00e9j\u00e0 affront\u00e9 cette \u00e9quipe du S\u00e9n\u00e9gal, sur quels d\u00e9tails cette nouvelle confrontation pourrait se jouer ?<\/strong><br \/>\u00c7a va \u00eatre une nouvelle manche, une manche diff\u00e9rente de la pr\u00e9c\u00e9dente. Les rencontres ne se ressemblent pas. Cette fois, nous les retrouvons en finale. Il y aura un peu plus de fatigue dans les deux camps. Je pense que \u00e7a va se jouer dans la t\u00eate. Nous avons la chance d\u2019avoir re\u00e7u beaucoup de supporters, nous esp\u00e9rons que leur pr\u00e9sence nous boostera un peu plus pour atteindre notre objectif qui n\u2019est autre que de terminer en beaut\u00e9 cette aventure.<br \/><strong>Comment vivez-vous cette Coupe d\u2019Afrique des nations ?<\/strong><br \/>Nous \u00e9tions dans notre bulle. Jusque-l\u00e0, m\u00eame la pression que nous avons v\u00e9cue a \u00e9t\u00e9 positive. Nous allons essayer de nous en servir pour remporter ce match et rendre tous les Alg\u00e9riens du monde entier fiers de cette \u00e9quipe.<br \/><strong>Et le duel face \u00e0 Sadio Man\u00e9, y pensez-vous ?<\/strong><br \/>Oui,\u00a0 mais nous ne connaissons pas le onze de d\u00e9part donc je ne sais pas s\u2019il aura lieu ou pas. Dans tous les cas, je donnerai le meilleur de moi-m\u00eame pour ne pas d\u00e9cevoir.<br \/><strong>Un commentaire sur le soutien du public alg\u00e9rien\u2026<\/strong><br \/>Je remercie tous ceux qui ont fait le d\u00e9placement d\u2019Alg\u00e9rie et des autres pays pour venir nous soutenir, j\u2019ai une pens\u00e9e aussi pour ceux qui n\u2019ont pas eu cette chance mais qui sont \u00e0 fond derri\u00e8re nous.\u00a0<br \/><strong>Belmadi vous a encens\u00e9, qu\u2019est-ce que cela vous a fait ?<\/strong><br \/>J\u2019ai une relation tr\u00e8s sinc\u00e8re avec le coach. On s\u2019entend bien, il m\u2019a beaucoup soutenu avant le match contre le Nigeria. Tout s\u2019est bien d\u00e9roul\u00e9, m\u00eame s\u2019il y avait soi-disant une pression sur moi, maintenant \u00e7a, c\u2019est du pass\u00e9 et je ne pense qu\u2019\u00e0 l\u2019avenir.<\/p>\n<p><strong>Publi\u00e9 dans :<\/strong> <span>Mehdi Zeffane.<\/span> <span>Sadio Man\u00e9<\/span> <span>Youcef Atal<\/span><\/p>\n<\/div>\n<p>Auteur:<br \/>\n<a href=\"http:\/\/www.lebuteur.com\/article\/detail?titre=zeffane-on-espere-aller-au-bout&#038;id=90495&#038;utm_source=feedburner&#038;utm_medium=feed&#038;utm_campaign=Feed%3A+GalerieFArtciles+%28Les+derniers+articles++-+lebuteur.com%29\">Cliquez ici pour lire l&rsquo;article depuis sa source.<\/a><\/p>\n","protected":false},"excerpt":{"rendered":"<p>Auteur : Moumen A. vendredi 19 juillet 2019 12:20 Youcef Atal out pour le match de ce soir, c\u2019est Mehdi Zeffane qui devra encore une fois le remplacer. Le lat\u00e9ral droit form\u00e9 \u00e0 l\u2019Olympique Lyonnais, que nous avons accost\u00e9 juste avant l\u2019entame de la derni\u00e8re s\u00e9ance d\u2019entra\u00eenement, a r\u00e9pondu \u00e0 nos questions et nous a [&hellip;]<\/p>\n","protected":false},"author":1738,"featured_media":47232,"comment_status":"closed","ping_status":"closed","sticky":false,"template":"","format":"standard","meta":{"fifu_image_url":"","fifu_image_alt":"","footnotes":""},"categories":[53,75],"tags":[],"class_list":["post-47231","post","type-post","status-publish","format-standard","has-post-thumbnail","hentry","category-algerie","category-sport"],"_links":{"self":[{"href":"https:\/\/linitiative.ca\/International\/wp-json\/wp\/v2\/posts\/47231","targetHints":{"allow":["GET"]}}],"collection":[{"href":"https:\/\/linitiative.ca\/International\/wp-json\/wp\/v2\/posts"}],"about":[{"href":"https:\/\/linitiative.ca\/International\/wp-json\/wp\/v2\/types\/post"}],"author":[{"embeddable":true,"href":"https:\/\/linitiative.ca\/International\/wp-json\/wp\/v2\/users\/1738"}],"replies":[{"embeddable":true,"href":"https:\/\/linitiative.ca\/International\/wp-json\/wp\/v2\/comments?post=47231"}],"version-history":[{"count":0,"href":"https:\/\/linitiative.ca\/International\/wp-json\/wp\/v2\/posts\/47231\/revisions"}],"wp:featuredmedia":[{"embeddable":true,"href":"https:\/\/linitiative.ca\/International\/wp-json\/"}],"wp:attachment":[{"href":"https:\/\/linitiative.ca\/International\/wp-json\/wp\/v2\/media?parent=47231"}],"wp:term":[{"taxonomy":"category","embeddable":true,"href":"https:\/\/linitiative.ca\/International\/wp-json\/wp\/v2\/categories?post=47231"},{"taxonomy":"post_tag","embeddable":true,"href":"https:\/\/linitiative.ca\/International\/wp-json\/wp\/v2\/tags?post=47231"}],"curies":[{"name":"wp","href":"https:\/\/api.w.org\/{rel}","templated":true}]}}