{"id":47233,"date":"2019-07-19T15:14:08","date_gmt":"2019-07-19T19:14:08","guid":{"rendered":"https:\/\/linitiative.ca\/International\/ligue-1-2-jsk-mellal-deux-ou-trois-joueurs-avant-deboucler-le-recrutement\/"},"modified":"2019-07-19T15:14:08","modified_gmt":"2019-07-19T19:14:08","slug":"ligue-1-2-jsk-mellal-deux-ou-trois-joueurs-avant-deboucler-le-recrutement","status":"publish","type":"post","link":"https:\/\/linitiative.ca\/International\/ligue-1-2-jsk-mellal-deux-ou-trois-joueurs-avant-deboucler-le-recrutement\/","title":{"rendered":"Ligue 1 &amp; 2 : JSK &#8211; Mellal: \u00abDeux ou trois joueurs avant deboucler le recrutement\u00bb"},"content":{"rendered":"<p>Pr\u00e9sent au centre de formation d\u2019\u00c9vian, le pr\u00e9sident Mellal, qui a assist\u00e9 \u00e0 une partie de la s\u00e9ance matinale, a accept\u00e9 de nous accorder quelques d\u00e9clarations. Il a en effet fait le point sur le recrutement des nouveaux joueurs qui devraient arriver, la qualit\u00e9 du groupe mais aussi de l\u2019\u00e9quipe nationale d\u2019Alg\u00e9rie, qui jouera aujourd\u2019hui la finale de la Coupe d\u2019Afrique des nations contre le S\u00e9n\u00e9gal. Dans un premier temps, l\u2019homme d\u2019affaires kabyle dira : \u00abJe devais venir plus t\u00f4t \u00e0 \u00c9vian mais j\u2019\u00e9tais oblig\u00e9 de passer d\u2019abord par Paris afin de r\u00e9gler quelques affaires personnelles. Aujourd\u2019hui, je suis sur place, ce qui va me permettre de bien discuter avec l\u2019entra\u00eeneur et de superviser les joueurs.\u00bb Avant d\u2019ajouter par rapport au recrutement : \u00abLe recrutement n\u2019est pas encore boucl\u00e9. Encore deux ou trois joueurs avant de nous concentrer uniquement sur la pr\u00e9paration. L\u2019\u00e9quipe a besoin de renfort notamment en attaque, alors nous allons faire en sorte \u00e0 ce que ce compartiment soit bien renforc\u00e9.\u00bb<\/p>\n<p><strong>\u00abNous sommes sur les traces de deux attaquants africains\u00bb<\/strong><br \/>Poursuivant son intervention, Ch\u00e9rif Mellal n\u2019a pas h\u00e9sit\u00e9 \u00e0 dire qu\u2019il est sur les traces de deux attaquants africains avec qui les n\u00e9gociations ont d\u00e9j\u00e0 commenc\u00e9. \u00abJe sais que l\u2019\u00e9quipe a besoin de renfort et c\u2019est pour cette raison que nous sommes en contact avec deux attaquants africains. Nous avons entam\u00e9 les n\u00e9gociations. Maintenant, j\u2019attends la r\u00e9ponse de l\u2019entra\u00eeneur Velud puisque c\u2019est \u00e0 lui de d\u00e9cider s\u2019ils sont int\u00e9ressants ou pas.\u00bb<\/p>\n<p><strong>\u00abVelud a carte blanche, le dernier mot lui revient\u00bb<\/strong><br \/>\u00c0 la JSK, chacun son r\u00f4le. Alors que le pr\u00e9sident s\u2019occupe de tout ce qui est administratif, le dernier mot dans le recrutement revient au coach Hubert Velud. Ce dernier, qui sait qu\u2019il doit assumer l\u2019enti\u00e8re responsabilit\u00e9, ne compte pas se pr\u00e9cipiter pour prendre des d\u00e9cisions comme ce fut le cas avec Koanda. Lorsque nous avons interrog\u00e9 Mellal sur ce sujet, il dira : \u00abVelud a carte blanche, le dernier mot lui revient. On lui propose des joueurs et c\u2019est \u00e0 lui de d\u00e9cider de les garder ou pas. C\u2019est lui le coach, donc c\u2019est lui qui conna\u00eet les besoins de l\u2019\u00e9quipe.\u00bb Ajoute-t-il.<\/p>\n<p><strong>\u00abOn tranchera sur le cas Koanda aujourd\u2019hui\u00bb<\/strong><br \/>En p\u00e9riode d\u2019essai depuis quelques jours d\u00e9j\u00e0, la direction n\u2019a pas encore tranch\u00e9 pour le d\u00e9fenseur Koanda. Le Burkinabais, qui pensait aller directement signer, s\u2019est retrouv\u00e9 dans l\u2019obligation de subir une s\u00e9rie de tests. Et lorsque nous avons demand\u00e9 \u00e0 Mellal s\u2019il sera retenu ou pas, le pr\u00e9sident r\u00e9pond : \u00abPour le moment, il continue de s\u2019entra\u00eener avec l\u2019\u00e9quipe. L\u2019entra\u00eeneur l\u2019a bien supervis\u00e9 durant la semaine. Il aura encore une chance de prouver ses qualit\u00e9s demain (aujourd\u2019hui ndlr) contre Clermont Foot. Et c\u2019est \u00e0 partir de l\u00e0 qu\u2019on va se d\u00e9cider. Nous allons nous r\u00e9unir \u00e0 la fin de la partie pour trancher d\u00e9finitivement. La d\u00e9cision sera connue au plus tard samedi.\u00bb<\/p>\n<p><strong>\u00abLes joueurs sont tr\u00e8s disciplin\u00e9s, \u00e7a me rassure\u00bb<\/strong><br \/>L\u2019une des satisfactions de cette pr\u00e9paration, selon Mellal, fut le comportement professionnel des joueurs lesquels se donnent vraiment \u00e0 fond et respectent convenablement le r\u00e8glement int\u00e9rieur. \u00abD\u2019apr\u00e8s les \u00e9chos, l\u2019entra\u00eeneur est tr\u00e8s satisfait du comportement des joueurs. Ils sont tr\u00e8s disciplin\u00e9s et ils se sont donn\u00e9s vraiment \u00e0 fond depuis le premier jour de la pr\u00e9paration. Croyez-moi, cela me rassure \u00e9norm\u00e9ment.\u00bb<\/p>\n<p><strong>\u00abCertains n\u2019ont pas pu supporter la charge, mais\u2026\u00bb<\/strong><br \/>Et par rapport au rendement des joueurs notamment sur le plan physique, Mellal estime que la majorit\u00e9 suit convenablement le rythme. Certains, par ailleurs, trouvent des difficult\u00e9s \u00e0 supporter la charge. \u00abD\u2019apr\u00e8s ce que j\u2019ai appris, la majorit\u00e9 des joueurs suit le rythme et applique \u00e0 la lettre le programme impos\u00e9 par le pr\u00e9parateur physique. J\u2019ai aussi appris que certains \u00e9l\u00e9ments trouvent des difficult\u00e9s \u00e0 suivre la cadence. Cependant, j\u2019ai \u00e9t\u00e9 rassur\u00e9, avec le rythme qu\u2019on leur impose, ils seront tous au top d\u2019ici le d\u00e9but de la comp\u00e9tition.\u00bb<\/p>\n<p><strong>\u00abUn Franco-Alg\u00e9rien sera mis \u00e0 l\u2019essai\u00bb<\/strong><br \/>Dans le but de renforcer le compartiment d\u00e9fensif notamment si Koanda ne sera pas maintenu, les responsables kabyles sont sur les traces d\u2019un Franco-Alg\u00e9rien qui, selon Mellal, sera mis \u00e0 l\u2019essai durant quelques jours. Ce dernier, dont on ignore le nom, devait arriver hier soir \u00e0 \u00c9vian pour entamer la pr\u00e9paration avec l\u2019\u00e9quipe. \u00abNous avons invit\u00e9 un d\u00e9fenseur franco-alg\u00e9rien \u00e0 nous rejoindre pour subir une s\u00e9rie de tests. Pour le moment, je pr\u00e9f\u00e8re ne pas d\u00e9voiler son identit\u00e9 mais il sera d\u00e8s ce soir avec nous (hier, ndlr). Il sera mis \u00e0 l\u2019essai contre Clermont foot. \u00c0 la fin de la partie, l\u2019entra\u00eeneur nous donnera son avis.\u00bb<\/p>\n<p><strong>\u00abNous avons plusieurs d\u00e9fis \u00e0 relever\u00bb<\/strong><br \/>Profitant de son intervention, le pr\u00e9sident Mellal n\u2019a pas manqu\u00e9 de parler des objectifs de l\u2019\u00e9quipe la saison prochaine. Selon lui, l\u2019\u00e9quipe est dans l\u2019obligation de faire mieux que la saison pass\u00e9e. Et le meilleur sc\u00e9nario serait de remporter le titre de champion d\u2019Alg\u00e9rie. \u00abJ\u2019ai l\u2019impression que nous avons une \u00e9quipe mieux que celle de la saison pass\u00e9e. J\u2019ai \u00e9t\u00e9 beaucoup rassur\u00e9 apr\u00e8s avoir discut\u00e9 avec le coach. En quelques minutes, j\u2019ai ressenti que les joueurs sont d\u00e9termin\u00e9s \u00e0 r\u00e9aliser une belle saison. Nous allons relever tous les d\u00e9fis.\u00bb<\/p>\n<p><strong>\u00abIl faut jouer \u00e0 fond le championnat et la LDC\u00bb<\/strong><br \/>En plus du championnat, l\u2019objectif trac\u00e9 par la direction, c\u2019est d\u2019aller le plus loin possible en Ligue des champions, une comp\u00e9tition qui fuit le club depuis quelques ann\u00e9es d\u00e9j\u00e0. Il est vrai qu\u2019il ne sera pas simple de d\u00e9crocher le troph\u00e9e mais atteindre les quarts de finale serait d\u00e9j\u00e0 un exploit. \u00abNous avons tout mis en place pour avoir un groupe homog\u00e8ne et comp\u00e9titif. Notre objectif est d\u2019aller loin en Ligue des champions, une comp\u00e9tition tr\u00e8s prestigieuse. Nous allons aussi jouer toutes nos chances en championnat car on doit faire mieux que la saison pass\u00e9e. D\u00e9crocher le titre serait le meilleur cadeau qu\u2019on puisse offrir \u00e0 nos supporters.\u00bb<\/p>\n<p><strong>\u00abLe cas Bouakil ? Je n\u2019ai pas encore parl\u00e9 avec le coach\u00bb<\/strong><br \/>Comme rapport\u00e9 par nos soins derni\u00e8rement, le jeune milieu de terrain, Younes Bouakil, n\u2019est plus \u00e0 la JSK. Le joueur, qui a \u00e9t\u00e9 recrut\u00e9 derni\u00e8rement, n\u2019a pas appr\u00e9ci\u00e9 le fait de ne pas jouer le premier match amical. Et la meilleure mani\u00e8re, selon lui, pour exprimer son m\u00e9contentement, c\u2019est de quitter le stage sans pr\u00e9venir qui que ce soit. Et lorsque nous avons demand\u00e9 au pr\u00e9sident Mellal quelle sanction sera prononc\u00e9e contre le joueur, il dira : \u00abPour le moment, aucune d\u00e9cision n\u2019a \u00e9t\u00e9 prise par rapport au cas Bouakil. Je viens d\u2019arriver et je n\u2019ai pas pu \u00e9voquer le sujet avec l\u2019entra\u00eeneur. Je vais essayer de savoir ce qui s\u2019est pass\u00e9 avant de prendre une d\u00e9cision.\u00bb<\/p>\n<p><strong>\u00abSur le plan technique, Velud est tr\u00e8s satisfait\u00bb<\/strong><br \/>L\u2019autre satisfaction du pr\u00e9sident Mellal fut le rendement des joueurs notamment sur le plan technique. Velud a apparemment rassur\u00e9 le premier responsable de l\u2019\u00e9quipe, d\u00e8s son arriv\u00e9e. \u00abJ\u2019ai \u00e9t\u00e9 vraiment rassur\u00e9, le coach m\u2019a dit beaucoup de bien des joueurs notamment sur le plan technique. Cela veut dire qu\u2019ils jouent bien au ballon. Avec une meilleure pr\u00e9paration physique, ils seront au top.\u00bb<\/p>\n<p><strong>\u00abJe suis \u00e0 fond derri\u00e8re l\u2019EN\u00bb<\/strong><br \/>C\u2019est ce soir que l\u2019Alg\u00e9rie jouera la finale de la Coupe d\u2019Afrique des nations. 29 ans apr\u00e8s, les Fennecs atteignent ce stade de la comp\u00e9tition. Selon Mellal, toute l\u2019Alg\u00e9rie est derri\u00e8re cette \u00e9quipe, qui renferme dans ses rangs de tr\u00e8s bons joueurs. \u00abJe suis \u00e0 fond derri\u00e8re l\u2019\u00e9quipe nationale. Ils ont r\u00e9alis\u00e9 un parcours plus que remarquable. C\u2019est une fiert\u00e9.\u00bb<\/p>\n<p><strong>\u00abOn va remporter la CAN\u00bb<\/strong><br \/>Par rapport au match face au S\u00e9n\u00e9gal, il ajoute : \u00abOn soutient \u00e0 fond l\u2019\u00e9quipe nationale, je crois qu\u2019ils vont surprendre le S\u00e9n\u00e9gal et d\u00e9crocher la deuxi\u00e8me \u00e9toile. Je suis tr\u00e8s optimiste car nous avons un groupe capable de relever tous les d\u00e9fis.\u00bb<\/p>\n<p><strong>Publi\u00e9 dans :<\/strong> <span>JSK<\/span> <span>Mellal<\/span><\/p>\n<p>Auteur:<br \/>\n<a href=\"http:\/\/www.lebuteur.com\/article\/detail?titre=jsk-mellal-deux-ou-trois-joueurs-avant-deboucler-le-recrutement&#038;id=90501&#038;utm_source=feedburner&#038;utm_medium=feed&#038;utm_campaign=Feed%3A+GalerieFArtciles+%28Les+derniers+articles++-+lebuteur.com%29\">Cliquez ici pour lire l&rsquo;article depuis sa source.<\/a><\/p>\n","protected":false},"excerpt":{"rendered":"<p>Pr\u00e9sent au centre de formation d\u2019\u00c9vian, le pr\u00e9sident Mellal, qui a assist\u00e9 \u00e0 une partie de la s\u00e9ance matinale, a accept\u00e9 de nous accorder quelques d\u00e9clarations. Il a en effet fait le point sur le recrutement des nouveaux joueurs qui devraient arriver, la qualit\u00e9 du groupe mais aussi de l\u2019\u00e9quipe nationale d\u2019Alg\u00e9rie, qui jouera aujourd\u2019hui [&hellip;]<\/p>\n","protected":false},"author":1738,"featured_media":47234,"comment_status":"closed","ping_status":"closed","sticky":false,"template":"","format":"standard","meta":{"fifu_image_url":"","fifu_image_alt":"","footnotes":""},"categories":[53,75],"tags":[],"class_list":["post-47233","post","type-post","status-publish","format-standard","has-post-thumbnail","hentry","category-algerie","category-sport"],"_links":{"self":[{"href":"https:\/\/linitiative.ca\/International\/wp-json\/wp\/v2\/posts\/47233","targetHints":{"allow":["GET"]}}],"collection":[{"href":"https:\/\/linitiative.ca\/International\/wp-json\/wp\/v2\/posts"}],"about":[{"href":"https:\/\/linitiative.ca\/International\/wp-json\/wp\/v2\/types\/post"}],"author":[{"embeddable":true,"href":"https:\/\/linitiative.ca\/International\/wp-json\/wp\/v2\/users\/1738"}],"replies":[{"embeddable":true,"href":"https:\/\/linitiative.ca\/International\/wp-json\/wp\/v2\/comments?post=47233"}],"version-history":[{"count":0,"href":"https:\/\/linitiative.ca\/International\/wp-json\/wp\/v2\/posts\/47233\/revisions"}],"wp:featuredmedia":[{"embeddable":true,"href":"https:\/\/linitiative.ca\/International\/wp-json\/"}],"wp:attachment":[{"href":"https:\/\/linitiative.ca\/International\/wp-json\/wp\/v2\/media?parent=47233"}],"wp:term":[{"taxonomy":"category","embeddable":true,"href":"https:\/\/linitiative.ca\/International\/wp-json\/wp\/v2\/categories?post=47233"},{"taxonomy":"post_tag","embeddable":true,"href":"https:\/\/linitiative.ca\/International\/wp-json\/wp\/v2\/tags?post=47233"}],"curies":[{"name":"wp","href":"https:\/\/api.w.org\/{rel}","templated":true}]}}