{"id":47237,"date":"2019-07-19T15:14:10","date_gmt":"2019-07-19T19:14:10","guid":{"rendered":"https:\/\/linitiative.ca\/International\/ligue-1-2-jsk-la-jsk-pourrait-engager-deux-attaquants-africains\/"},"modified":"2019-07-19T15:14:10","modified_gmt":"2019-07-19T19:14:10","slug":"ligue-1-2-jsk-la-jsk-pourrait-engager-deux-attaquants-africains","status":"publish","type":"post","link":"https:\/\/linitiative.ca\/International\/ligue-1-2-jsk-la-jsk-pourrait-engager-deux-attaquants-africains\/","title":{"rendered":"Ligue 1 &amp; 2 : JSK: La JSK pourrait engager deux attaquants africains"},"content":{"rendered":"<div readability=\"32\">\n<p>Auteur : <span>S. D.<\/span> <span class=\"time\">vendredi 19 juillet 2019 12:25<\/span><\/p>\n<\/div>\n<div id=\"post_core\" readability=\"59\">\n<p>Toujours dans la perspective du recrutement, nous avons appris que la direction kabyle ne compte pas s\u2019arr\u00eater \u00e0 huit joueurs. En effet, le pr\u00e9sident Mellal est en train de chercher la perle rare notamment en attaque pour renforcer le compartiment offensif. Et d\u2019apr\u00e8s les informations qui nous sont parvenues, il se pourrait que le club renonce au recrutement d\u2019un d\u00e9fenseur africain. Autrement dit, Koanda pourrait ne pas \u00eatre maintenu et ce, pour que la JSK puisse engager directement deux attaquants de qualit\u00e9 qui pourront faire la diff\u00e9rence. Au moment o\u00f9 nous mettons sous presse, Velud est en train de superviser les joueurs propos\u00e9s et il devrait rendre une r\u00e9ponse d\u00e9finitive dans les prochaines heures.<\/p>\n<p><strong>Le d\u00e9part de Koanda se confirme<\/strong><br \/>Par ailleurs et m\u00eame si la JSK d\u00e9cide de lui accorder encore une chance pour prouver ses qualit\u00e9s \u00e0 l\u2019occasion du match face \u00e0 Clermont Foot, tout porte \u00e0 croire que le Burkinabais, Koanda Souleymane, ne sera pas retenu. M\u00eame s\u2019il est juste dans ses prestations, la JSK aura besoin d\u2019un joueur d\u2019exception avec un niveau meilleur que celui des \u00e9l\u00e9ments d\u00e9j\u00e0 en place.<\/p>\n<p><strong>La direction sur les traces d\u2019un Kenyan<\/strong><br \/>Toujours dans le m\u00eame contexte, une source bien inform\u00e9e nous a fait savoir que la JSK est sur les traces d\u2019un attaquant kenyan. Un buteur avec beaucoup de qualit\u00e9s qui pourrait vraiment faire la diff\u00e9rence. Fort des deux pieds, Velud devrait se prononcer sur ce cas incessamment.<\/p>\n<p><strong>Publi\u00e9 dans :<\/strong> <span>JSK<\/span> <span>Koanda<\/span><\/p>\n<\/div>\n<p>Auteur:<br \/>\n<a href=\"http:\/\/www.lebuteur.com\/article\/detail?titre=jsk-la-jsk-pourrait-engager-deux-attaquants-africains&#038;id=90499&#038;utm_source=feedburner&#038;utm_medium=feed&#038;utm_campaign=Feed%3A+GalerieFArtciles+%28Les+derniers+articles++-+lebuteur.com%29\">Cliquez ici pour lire l&rsquo;article depuis sa source.<\/a><\/p>\n","protected":false},"excerpt":{"rendered":"<p>Auteur : S. D. vendredi 19 juillet 2019 12:25 Toujours dans la perspective du recrutement, nous avons appris que la direction kabyle ne compte pas s\u2019arr\u00eater \u00e0 huit joueurs. En effet, le pr\u00e9sident Mellal est en train de chercher la perle rare notamment en attaque pour renforcer le compartiment offensif. Et d\u2019apr\u00e8s les informations qui [&hellip;]<\/p>\n","protected":false},"author":1738,"featured_media":47238,"comment_status":"closed","ping_status":"closed","sticky":false,"template":"","format":"standard","meta":{"fifu_image_url":"","fifu_image_alt":"","footnotes":""},"categories":[53,75],"tags":[],"class_list":["post-47237","post","type-post","status-publish","format-standard","has-post-thumbnail","hentry","category-algerie","category-sport"],"_links":{"self":[{"href":"https:\/\/linitiative.ca\/International\/wp-json\/wp\/v2\/posts\/47237","targetHints":{"allow":["GET"]}}],"collection":[{"href":"https:\/\/linitiative.ca\/International\/wp-json\/wp\/v2\/posts"}],"about":[{"href":"https:\/\/linitiative.ca\/International\/wp-json\/wp\/v2\/types\/post"}],"author":[{"embeddable":true,"href":"https:\/\/linitiative.ca\/International\/wp-json\/wp\/v2\/users\/1738"}],"replies":[{"embeddable":true,"href":"https:\/\/linitiative.ca\/International\/wp-json\/wp\/v2\/comments?post=47237"}],"version-history":[{"count":0,"href":"https:\/\/linitiative.ca\/International\/wp-json\/wp\/v2\/posts\/47237\/revisions"}],"wp:featuredmedia":[{"embeddable":true,"href":"https:\/\/linitiative.ca\/International\/wp-json\/"}],"wp:attachment":[{"href":"https:\/\/linitiative.ca\/International\/wp-json\/wp\/v2\/media?parent=47237"}],"wp:term":[{"taxonomy":"category","embeddable":true,"href":"https:\/\/linitiative.ca\/International\/wp-json\/wp\/v2\/categories?post=47237"},{"taxonomy":"post_tag","embeddable":true,"href":"https:\/\/linitiative.ca\/International\/wp-json\/wp\/v2\/tags?post=47237"}],"curies":[{"name":"wp","href":"https:\/\/api.w.org\/{rel}","templated":true}]}}