{"id":47239,"date":"2019-07-19T15:14:12","date_gmt":"2019-07-19T19:14:12","guid":{"rendered":"https:\/\/linitiative.ca\/International\/ligue-1-2-mca-casoni-mettre-les-principes-defensifs-en-place-est-une-priorite-et-je-serai-exigeant-la-dessus\/"},"modified":"2019-07-19T15:14:12","modified_gmt":"2019-07-19T19:14:12","slug":"ligue-1-2-mca-casoni-mettre-les-principes-defensifs-en-place-est-une-priorite-et-je-serai-exigeant-la-dessus","status":"publish","type":"post","link":"https:\/\/linitiative.ca\/International\/ligue-1-2-mca-casoni-mettre-les-principes-defensifs-en-place-est-une-priorite-et-je-serai-exigeant-la-dessus\/","title":{"rendered":"Ligue 1 &amp; 2 : MCA &#8211; Casoni: \u00abMettre les principes d\u00e9fensifs en place est une priorit\u00e9 et je serai exigeant l\u00e0-dessus\u00bb"},"content":{"rendered":"<div readability=\"32\">\n<p>Auteur : <span>T. Che<\/span> <span class=\"time\">vendredi 19 juillet 2019 12:25<\/span><\/p>\n<\/div>\n<div id=\"post_core\" readability=\"92\">\n<p>A une encablure du d\u00e9part de l\u2019\u00e9quipe en Pologne, Bernard Casoni a fait le point sur certains aspects qui touchent au groupe. Pour le coach fran\u00e7ais, l\u2019aspect tactique prendra le pas avec la mise en place des principes d\u00e9fensifs. \u00abApr\u00e8s le stage en Tunisie, on passera \u00e0 l\u2019\u00e9tape sup\u00e9rieure. Bien \u00e9videmment, le c\u00f4t\u00e9 physique occupe une place pr\u00e9pond\u00e9rante. Mais on s\u2019attelle aussi \u00e0 mettre en place les principes d\u00e9fensifs qui constituent une priorit\u00e9 dans notre jeu. Il est important pour nous d\u2019avoir une tr\u00e8s bonne assise derri\u00e8re et je serai tr\u00e8s exigeant l\u00e0- dessus\u00bb, a-t-il lanc\u00e9.<\/p>\n<p><strong>\u00abEn Tunisie, je ne pouvais pas jouer de match amical sans une charni\u00e8re centrale ni un milieu de terrain\u00bb<\/strong><br \/>Interrog\u00e9 s\u2019il a \u00e9t\u00e9 p\u00e9nalis\u00e9 par l\u2019absence d\u2019un match amical en Tunisie, Casoni \u00e9num\u00e8re les raisons qui l\u2019ont pouss\u00e9 \u00e0 ne pas disputer la moindre affiche. \u00abLors du stage en Tunisie, on ne pouvait pas disputer de match amical sans une charni\u00e8re centrale ni un milieu de terrain qui sont des postes cl\u00e9s. Il manquait cinq \u00e0 six \u00e9l\u00e9ments pour avoir le groupe au grand complet. Mais bon, il y a eu un match d\u2019application entre les joueurs pour voir la forme des uns et des autres. Je dois dire que la r\u00e9action du groupe a \u00e9t\u00e9 positive.\u00bb<\/p>\n<p><strong>\u00abAvec cette absence de trois mois, ce sera difficile pour Merouani&#8230;\u00bb<\/strong><br \/>Interrog\u00e9 sur la d\u00e9fection de Merouani qui sera absent pour cause de blessure, Casoni se contentera de dire : \u00abMerouani en a pour trois mois d\u2019absence. Pour l\u2019instant, ce sera difficile pour lui\u00bb, a-t-il d\u00e9clar\u00e9 en substance.<\/p>\n<p><strong>\u00abIl reste encore \u00e0 se renforcer au milieu et derri\u00e8re\u00bb<\/strong><br \/>Le technicien mouloud\u00e9en attend la venue de certains d\u00e9fenseurs et des milieux de terrain, surtout apr\u00e8s les d\u00e9parts de Dieng et Amada. \u00abBien \u00e9videmment qu\u2019il reste encore \u00e0 se renforcer au milieu du terrain et derri\u00e8re\u00bb, a d\u00e9clar\u00e9 l\u2019entra\u00eeneur fran\u00e7ais.\u00a0\u00a0\u00a0 \u00a0<\/p>\n<p><strong>\u00abC\u2019est une bonne chose d\u2019avoir Chafai qui faisait partie de notre plan de recrutement\u00bb<\/strong><br \/>A propos de la venue de Farouk Chafai, Casoni se r\u00e9jouit de ce transfert qui a \u00e9t\u00e9 mat\u00e9rialis\u00e9 apr\u00e8s une longue p\u00e9riode d\u2019incertitudes. \u00abC\u2019est une tr\u00e8s bonne chose d\u2019avoir Chafai car il faisait partie de notre plan de recrutement.\u00bb<\/p>\n<p><strong>\u00abEn Pologne, on passera \u00e0 l\u2019\u00e9tape sup\u00e9rieure avec des matches amicaux au menu\u00bb<\/strong><br \/>A l\u2019approche de ce second stage en Pologne, le champion d\u2019Europe nous a confi\u00e9. \u00abEn Pologne, ce sera la troisi\u00e8me semaine de travail. On passera \u00e0 l\u2019\u00e9tape sup\u00e9rieure. Il y aura deux matches amicaux au programme.\u00bb<\/p>\n<p><strong>\u00abLa 1re fois, il a fallu 3 \u00e0 4 mois pour mettre en place notre jeu, on esp\u00e8re cette fois gagner du temps\u00bb<\/strong><br \/>Casoni met en \u00e9vidence l\u2019importance du projet de jeu et du temps qu\u2019il faudra pour tout mettre en place, afin de faire r\u00eaver \u00e0 nouveau les Chnaoua avec ce football de tr\u00e8s bonne facture. \u00abLa premi\u00e8re fois, il a fallu 3 \u00e0 4 mois pour mettre en place notre projet de jeu. Cette fois, j\u2019esp\u00e8re en mettre moins de temps. Mais il faut beaucoup de travail et d\u2019abn\u00e9gation pour y parvenir. Je sais que les supporters attendent beaucoup de nous. Mais il faut du temps pour tout mettre en place\u00bb, a conclu Casoni.\u00a0\u00a0\u00a0<\/p>\n<p><strong>Publi\u00e9 dans :<\/strong> <span>mca<\/span> <span>Casoni<\/span><\/p>\n<\/div>\n<p>Auteur:<br \/>\n<a href=\"http:\/\/www.lebuteur.com\/article\/detail?titre=mca-casoni-mettre-les-principes-defensifs-en-place-est-une-priorite-et-je-serai-exigeant-la-dessus&#038;id=90498&#038;utm_source=feedburner&#038;utm_medium=feed&#038;utm_campaign=Feed%3A+GalerieFArtciles+%28Les+derniers+articles++-+lebuteur.com%29\">Cliquez ici pour lire l&rsquo;article depuis sa source.<\/a><\/p>\n","protected":false},"excerpt":{"rendered":"<p>Auteur : T. Che vendredi 19 juillet 2019 12:25 A une encablure du d\u00e9part de l\u2019\u00e9quipe en Pologne, Bernard Casoni a fait le point sur certains aspects qui touchent au groupe. Pour le coach fran\u00e7ais, l\u2019aspect tactique prendra le pas avec la mise en place des principes d\u00e9fensifs. \u00abApr\u00e8s le stage en Tunisie, on passera [&hellip;]<\/p>\n","protected":false},"author":1738,"featured_media":47240,"comment_status":"closed","ping_status":"closed","sticky":false,"template":"","format":"standard","meta":{"fifu_image_url":"","fifu_image_alt":"","footnotes":""},"categories":[53,75],"tags":[],"class_list":["post-47239","post","type-post","status-publish","format-standard","has-post-thumbnail","hentry","category-algerie","category-sport"],"_links":{"self":[{"href":"https:\/\/linitiative.ca\/International\/wp-json\/wp\/v2\/posts\/47239","targetHints":{"allow":["GET"]}}],"collection":[{"href":"https:\/\/linitiative.ca\/International\/wp-json\/wp\/v2\/posts"}],"about":[{"href":"https:\/\/linitiative.ca\/International\/wp-json\/wp\/v2\/types\/post"}],"author":[{"embeddable":true,"href":"https:\/\/linitiative.ca\/International\/wp-json\/wp\/v2\/users\/1738"}],"replies":[{"embeddable":true,"href":"https:\/\/linitiative.ca\/International\/wp-json\/wp\/v2\/comments?post=47239"}],"version-history":[{"count":0,"href":"https:\/\/linitiative.ca\/International\/wp-json\/wp\/v2\/posts\/47239\/revisions"}],"wp:featuredmedia":[{"embeddable":true,"href":"https:\/\/linitiative.ca\/International\/wp-json\/"}],"wp:attachment":[{"href":"https:\/\/linitiative.ca\/International\/wp-json\/wp\/v2\/media?parent=47239"}],"wp:term":[{"taxonomy":"category","embeddable":true,"href":"https:\/\/linitiative.ca\/International\/wp-json\/wp\/v2\/categories?post=47239"},{"taxonomy":"post_tag","embeddable":true,"href":"https:\/\/linitiative.ca\/International\/wp-json\/wp\/v2\/tags?post=47239"}],"curies":[{"name":"wp","href":"https:\/\/api.w.org\/{rel}","templated":true}]}}