{"id":47241,"date":"2019-07-19T15:14:13","date_gmt":"2019-07-19T19:14:13","guid":{"rendered":"https:\/\/linitiative.ca\/International\/equipe-dalgerie-en-cours-algerie-1-senegal-0\/"},"modified":"2019-07-19T15:14:13","modified_gmt":"2019-07-19T19:14:13","slug":"equipe-dalgerie-en-cours-algerie-1-senegal-0","status":"publish","type":"post","link":"https:\/\/linitiative.ca\/International\/equipe-dalgerie-en-cours-algerie-1-senegal-0\/","title":{"rendered":"Equipe d&rsquo;Alg\u00e9rie : (En cours) Alg\u00e9rie 1 &#8211; S\u00e9n\u00e9gal 0"},"content":{"rendered":"<div readability=\"32\">\n<p>Auteur : <span class=\"time\">vendredi 19 juillet 2019 18:34<\/span><\/p>\n<\/div>\n<div id=\"post_core\" readability=\"73\">\n<p>10&prime; Faute intelligente de Feghouli pour emp\u00eacher Sadio Man\u00e9 de filer vers la surface<\/p>\n<p>2&prime; Bounedjah frappe \u00e0 l&rsquo;entr\u00e9e de la surface. Le ballon touche le d\u00e9fenseur et termine sa course das les filets du S\u00e9n\u00e9gal<\/p>\n<p><strong>2&prime; Ouverture du score pour Bounedjah !!!!!! 1-0 !!!<\/strong><\/p>\n<p>0&prime; C&rsquo;est parti au stade international du Caire pour cette finale de la Coupe d&rsquo;Afrique des Nations entre l&rsquo;Alg\u00e9rie et le S\u00e9n\u00e9gal ! <span class=\"c1\">Allez les Verts !!!!<\/span><\/p>\n<p>&#8212;&#8212;&#8212;&#8212;&#8212;&#8212;&#8212;&#8212;&#8212;&#8212;&#8212;&#8212;&#8212;&#8212;&#8212;&#8212;&#8212;&#8212;&#8212;&#8212;&#8212;&#8212;&#8212;&#8212;&#8212;&#8212;&#8212;&#8212;&#8212;&#8212;&#8212;&#8212;&#8212;&#8212;-<\/p>\n<p><strong>Alg\u00e9rie 1 &#8211; S\u00e9n\u00e9gal 0<\/strong><\/p>\n<p><strong>Buts :<\/strong> Bounedjah 2&prime; pour l&rsquo;Alg\u00e9rie<\/p>\n<p><strong>S\u00e9n\u00e9gal :<\/strong> Gomis, Gassama, Kouyat\u00e9, San\u00e9, Sabaly, Badou N\u2019Diaye, Gueye, Saivet, Sarr, Niang, Man\u00e9.<\/p>\n<p><strong>Alg\u00e9rie :<\/strong> M\u2019Bolhi, Zeffane, Mandi, Benlamri, Bensebaini, Guedioura, Bennacer, Feghouli, Mahrez, Belaili, Bounedjah.<\/p>\n<p><strong>Publi\u00e9 dans :<\/strong> <span>algerie<\/span> <span>s\u00e9n\u00e9gal<\/span><\/p>\n<\/div>\n<p>Auteur:<br \/>\n<a href=\"http:\/\/www.lebuteur.com\/article\/detail?titre=algerie-senegal-les-compos&#038;id=90511&#038;utm_source=feedburner&#038;utm_medium=feed&#038;utm_campaign=Feed%3A+GalerieFArtciles+%28Les+derniers+articles++-+lebuteur.com%29\">Cliquez ici pour lire l&rsquo;article depuis sa source.<\/a><\/p>\n","protected":false},"excerpt":{"rendered":"<p>Auteur : vendredi 19 juillet 2019 18:34 10&prime; Faute intelligente de Feghouli pour emp\u00eacher Sadio Man\u00e9 de filer vers la surface 2&prime; Bounedjah frappe \u00e0 l&rsquo;entr\u00e9e de la surface. Le ballon touche le d\u00e9fenseur et termine sa course das les filets du S\u00e9n\u00e9gal 2&prime; Ouverture du score pour Bounedjah !!!!!! 1-0 !!! 0&prime; C&rsquo;est parti [&hellip;]<\/p>\n","protected":false},"author":1738,"featured_media":47242,"comment_status":"closed","ping_status":"closed","sticky":false,"template":"","format":"standard","meta":{"fifu_image_url":"","fifu_image_alt":"","footnotes":""},"categories":[53,75],"tags":[],"class_list":["post-47241","post","type-post","status-publish","format-standard","has-post-thumbnail","hentry","category-algerie","category-sport"],"_links":{"self":[{"href":"https:\/\/linitiative.ca\/International\/wp-json\/wp\/v2\/posts\/47241","targetHints":{"allow":["GET"]}}],"collection":[{"href":"https:\/\/linitiative.ca\/International\/wp-json\/wp\/v2\/posts"}],"about":[{"href":"https:\/\/linitiative.ca\/International\/wp-json\/wp\/v2\/types\/post"}],"author":[{"embeddable":true,"href":"https:\/\/linitiative.ca\/International\/wp-json\/wp\/v2\/users\/1738"}],"replies":[{"embeddable":true,"href":"https:\/\/linitiative.ca\/International\/wp-json\/wp\/v2\/comments?post=47241"}],"version-history":[{"count":0,"href":"https:\/\/linitiative.ca\/International\/wp-json\/wp\/v2\/posts\/47241\/revisions"}],"wp:featuredmedia":[{"embeddable":true,"href":"https:\/\/linitiative.ca\/International\/wp-json\/"}],"wp:attachment":[{"href":"https:\/\/linitiative.ca\/International\/wp-json\/wp\/v2\/media?parent=47241"}],"wp:term":[{"taxonomy":"category","embeddable":true,"href":"https:\/\/linitiative.ca\/International\/wp-json\/wp\/v2\/categories?post=47241"},{"taxonomy":"post_tag","embeddable":true,"href":"https:\/\/linitiative.ca\/International\/wp-json\/wp\/v2\/tags?post=47241"}],"curies":[{"name":"wp","href":"https:\/\/api.w.org\/{rel}","templated":true}]}}