{"id":47243,"date":"2019-07-19T15:14:15","date_gmt":"2019-07-19T19:14:15","guid":{"rendered":"https:\/\/linitiative.ca\/International\/equipe-dalgerie-le-real-betis-encourage-aissa-mandi-avant-la-finale-photo\/"},"modified":"2019-07-19T15:14:15","modified_gmt":"2019-07-19T19:14:15","slug":"equipe-dalgerie-le-real-betis-encourage-aissa-mandi-avant-la-finale-photo","status":"publish","type":"post","link":"https:\/\/linitiative.ca\/International\/equipe-dalgerie-le-real-betis-encourage-aissa-mandi-avant-la-finale-photo\/","title":{"rendered":"Equipe d&rsquo;Alg\u00e9rie : Le Real Betis encourage Aissa Mandi avant la finale (photo)"},"content":{"rendered":"<div readability=\"32\">\n<p>Auteur : <span class=\"time\">vendredi 19 juillet 2019 19:34<\/span><\/p>\n<\/div>\n<div id=\"post_core\" readability=\"39\">\n<p>En effet, si le Real Betis est en pleine pr\u00e9paration \u00e0 Portimao au Portugal, le groupe n&rsquo;oublie pas Aissa Mandi qui joue ce soir la finale de la CAN face au S\u00e9n\u00e9gal. A travers un message post\u00e9 sur le compte Twitter du club, le Real Betis a apport\u00e9 son soutien au d\u00e9fenseur alg\u00e9rien : <em>\u00ab\u00a0Les cinq sens \u00e0 Portimao&#8230; mais on garde un oeil sur le Caire ! Vamos, Aissa Mandi !!! Allez les Verts\u00a0\u00bb<\/em><\/p>\n<p><img decoding=\"async\" alt=\"\" src=\"http:\/\/oi65.tinypic.com\/b8accw.jpg\" class=\"c1\"\/><\/p>\n<p><strong>Publi\u00e9 dans :<\/strong> <span>algerie<\/span><\/p>\n<\/div>\n<p>Auteur:<br \/>\n<a href=\"http:\/\/www.lebuteur.com\/article\/detail?titre=le-real-betis-encourage-aissa-mandi-avant-la-finale-photo&#038;id=90512&#038;utm_source=feedburner&#038;utm_medium=feed&#038;utm_campaign=Feed%3A+GalerieFArtciles+%28Les+derniers+articles++-+lebuteur.com%29\">Cliquez ici pour lire l&rsquo;article depuis sa source.<\/a><\/p>\n","protected":false},"excerpt":{"rendered":"<p>Auteur : vendredi 19 juillet 2019 19:34 En effet, si le Real Betis est en pleine pr\u00e9paration \u00e0 Portimao au Portugal, le groupe n&rsquo;oublie pas Aissa Mandi qui joue ce soir la finale de la CAN face au S\u00e9n\u00e9gal. A travers un message post\u00e9 sur le compte Twitter du club, le Real Betis a apport\u00e9 [&hellip;]<\/p>\n","protected":false},"author":1738,"featured_media":47244,"comment_status":"closed","ping_status":"closed","sticky":false,"template":"","format":"standard","meta":{"fifu_image_url":"","fifu_image_alt":"","footnotes":""},"categories":[53,75],"tags":[],"class_list":["post-47243","post","type-post","status-publish","format-standard","has-post-thumbnail","hentry","category-algerie","category-sport"],"_links":{"self":[{"href":"https:\/\/linitiative.ca\/International\/wp-json\/wp\/v2\/posts\/47243","targetHints":{"allow":["GET"]}}],"collection":[{"href":"https:\/\/linitiative.ca\/International\/wp-json\/wp\/v2\/posts"}],"about":[{"href":"https:\/\/linitiative.ca\/International\/wp-json\/wp\/v2\/types\/post"}],"author":[{"embeddable":true,"href":"https:\/\/linitiative.ca\/International\/wp-json\/wp\/v2\/users\/1738"}],"replies":[{"embeddable":true,"href":"https:\/\/linitiative.ca\/International\/wp-json\/wp\/v2\/comments?post=47243"}],"version-history":[{"count":0,"href":"https:\/\/linitiative.ca\/International\/wp-json\/wp\/v2\/posts\/47243\/revisions"}],"wp:featuredmedia":[{"embeddable":true,"href":"https:\/\/linitiative.ca\/International\/wp-json\/"}],"wp:attachment":[{"href":"https:\/\/linitiative.ca\/International\/wp-json\/wp\/v2\/media?parent=47243"}],"wp:term":[{"taxonomy":"category","embeddable":true,"href":"https:\/\/linitiative.ca\/International\/wp-json\/wp\/v2\/categories?post=47243"},{"taxonomy":"post_tag","embeddable":true,"href":"https:\/\/linitiative.ca\/International\/wp-json\/wp\/v2\/tags?post=47243"}],"curies":[{"name":"wp","href":"https:\/\/api.w.org\/{rel}","templated":true}]}}