{"id":47246,"date":"2019-07-19T10:31:04","date_gmt":"2019-07-19T14:31:04","guid":{"rendered":"https:\/\/linitiative.ca\/International\/92157-can-2019-senegal-algerie-les-verts-en-quete-d-une-deuxieme-etoile\/"},"modified":"2019-07-19T10:31:04","modified_gmt":"2019-07-19T14:31:04","slug":"92157-can-2019-senegal-algerie-les-verts-en-quete-d-une-deuxieme-etoile","status":"publish","type":"post","link":"https:\/\/linitiative.ca\/International\/92157-can-2019-senegal-algerie-les-verts-en-quete-d-une-deuxieme-etoile\/","title":{"rendered":"CAN-2019\/S\u00e9n\u00e9gal-Alg\u00e9rie: les \u00ab\u00a0Verts\u00a0\u00bb en qu\u00eate d&rsquo;une deuxi\u00e8me \u00e9toile"},"content":{"rendered":"<div>\n<div class=\"K2FeedIntroText\">\n<p><strong>ALGER &#8211; La s\u00e9lection alg\u00e9rienne de football, en qu\u00eate d&rsquo;un deuxi\u00e8me troph\u00e9e continental, aura rendez-vous avec l\u2019histoire, vendredi au stade international du Caire (20h00 alg\u00e9riennes), en finale de la 32e Coupe d\u2019Afrique des nations (CAN-2019), face au S\u00e9n\u00e9gal.<\/strong><\/p>\n<\/div>\n<div class=\"K2FeedFullText\">\n<p>Les \u00ab\u00a0Verts\u00a0\u00bb, que personne n&rsquo;attendait \u00e0 ce dernier stade de la comp\u00e9tition, ont r\u00e9alis\u00e9 un parcours \u00e9poustouflant, \u00e9liminant notamment tour \u00e0 tour la C\u00f4te d\u2019Ivoire et le Nigeria, deux ogres du football africain.<\/p>\n<p>L\u2019\u00e9quipe nationale, conduite par Djamel Belmadi, a su se frayer un chemin dans ce tournoi qui a regroup\u00e9 24 pays, pour se hisser en finale, 29 ans apr\u00e8s un premier titre remport\u00e9 \u00e0 domicile devant le Nigeria (1-0) gr\u00e2ce \u00e0 un but de Ch\u00e9rif Oudjani. Dix ann\u00e9es plus t\u00f4t, l\u2019Alg\u00e9rie animait sa premi\u00e8re finale, perdue face au m\u00eame adversaire (3-0).<\/p>\n<p>\u00ab\u00a0Rester concentr\u00e9s et d\u00e9termin\u00e9s, comme on l\u2019a montr\u00e9 jusqu\u2019\u00e0 pr\u00e9sent. Nous sommes pr\u00eats \u00e0 200% pour cette finale sur le plan physique\u00a0\u00bb, a assur\u00e9 Belmadi.<\/p>\n<hr>\n<h3>Lire aussi:\u00a0<a href=\"http:\/\/www.aps.dz\/sport\/92116-belmadi-can-finale-senegal-algerie-nous-sommes-prets-a-200\" target=\"_blank\" rel=\"noopener noreferrer\">CAN \/S\u00e9n\u00e9gal- Alg\u00e9rie: \u00ab\u00a0Nous sommes pr\u00eats \u00e0 200% \u00ab\u00a0<\/a><\/h3>\n<hr>\n<p>Le S\u00e9n\u00e9gal de Sadio Man\u00e9 (Liverpool), premi\u00e8re nation sur le plan continental (22e au dernier classement de la Fifa), est venu se dresser sur le chemin de l&rsquo;Alg\u00e9rie dans ce qui sera le dernier obstacle pour d\u00e9crocher une \u00e9ventuelle deuxi\u00e8me \u00e9toile africaine.<\/p>\n<p>Sur le plan de l\u2019effectif, l\u2019\u00e9quipe nationale se pr\u00e9sentera avec un groupe au complet, \u00e0 l\u2019exception du d\u00e9fenseur Youcef Atal, forfait en raison d\u2019une fracture de la clavicule, alors que le S\u00e9n\u00e9gal sera priv\u00e9 des services de l\u2019imposant d\u00e9fenseur central Kalidou Koulibaly (Naples), suspendu pour cumul de cartons.<\/p>\n<p>L\u2019Alg\u00e9rie, qui reste toujours invaincue dans ses confrontations avec le S\u00e9n\u00e9gal en phases finales de la CAN, s&rsquo;\u00e9tait impos\u00e9e (1-0) lors de la phase de poules (Gr. C), gr\u00e2ce \u00e0 un but de Youcef Bela\u00efli.<\/p>\n<p>La finale de la 32e \u00e9dition de la CAN sera dirig\u00e9e par l&rsquo;arbitre camerounais Alioum N\u00e9ant (37 ans) en remplacement du Sud-Africain Victor Miguel de Freitas Gomes, a d\u00e9cid\u00e9 la Conf\u00e9d\u00e9ration africaine (CAF) la veille de la rencontre.<\/p>\n<\/div>\n<p><img loading=\"lazy\" decoding=\"async\" src=\"http:\/\/feeds.feedburner.com\/~r\/aps-sport\/~4\/AqcrNTjt-Rs\" height=\"1\" width=\"1\" alt=\"\"><\/div>\n<p>Auteur:<br \/>\n<a href=\"http:\/\/www.aps.dz\/sport\/92157-can-2019-senegal-algerie-les-verts-en-quete-d-une-deuxieme-etoile?utm_source=feedburner&#038;utm_medium=feed&#038;utm_campaign=Feed%3A+aps-sport+%28APS+-+SPORT%29\">Cliquez ici pour lire l&rsquo;article depuis sa source.<\/a><\/p>\n","protected":false},"excerpt":{"rendered":"<p>ALGER &#8211; La s\u00e9lection alg\u00e9rienne de football, en qu\u00eate d&rsquo;un deuxi\u00e8me troph\u00e9e continental, aura rendez-vous avec l\u2019histoire, vendredi au stade international du Caire (20h00 alg\u00e9riennes), en finale de la 32e Coupe d\u2019Afrique des nations (CAN-2019), face au S\u00e9n\u00e9gal. Les \u00ab\u00a0Verts\u00a0\u00bb, que personne n&rsquo;attendait \u00e0 ce dernier stade de la comp\u00e9tition, ont r\u00e9alis\u00e9 un parcours \u00e9poustouflant, [&hellip;]<\/p>\n","protected":false},"author":1790,"featured_media":0,"comment_status":"closed","ping_status":"closed","sticky":false,"template":"","format":"standard","meta":{"fifu_image_url":"","fifu_image_alt":"","footnotes":""},"categories":[53,75],"tags":[],"class_list":["post-47246","post","type-post","status-publish","format-standard","hentry","category-algerie","category-sport"],"_links":{"self":[{"href":"https:\/\/linitiative.ca\/International\/wp-json\/wp\/v2\/posts\/47246","targetHints":{"allow":["GET"]}}],"collection":[{"href":"https:\/\/linitiative.ca\/International\/wp-json\/wp\/v2\/posts"}],"about":[{"href":"https:\/\/linitiative.ca\/International\/wp-json\/wp\/v2\/types\/post"}],"author":[{"embeddable":true,"href":"https:\/\/linitiative.ca\/International\/wp-json\/wp\/v2\/users\/1790"}],"replies":[{"embeddable":true,"href":"https:\/\/linitiative.ca\/International\/wp-json\/wp\/v2\/comments?post=47246"}],"version-history":[{"count":0,"href":"https:\/\/linitiative.ca\/International\/wp-json\/wp\/v2\/posts\/47246\/revisions"}],"wp:attachment":[{"href":"https:\/\/linitiative.ca\/International\/wp-json\/wp\/v2\/media?parent=47246"}],"wp:term":[{"taxonomy":"category","embeddable":true,"href":"https:\/\/linitiative.ca\/International\/wp-json\/wp\/v2\/categories?post=47246"},{"taxonomy":"post_tag","embeddable":true,"href":"https:\/\/linitiative.ca\/International\/wp-json\/wp\/v2\/tags?post=47246"}],"curies":[{"name":"wp","href":"https:\/\/api.w.org\/{rel}","templated":true}]}}