{"id":47248,"date":"2019-07-19T11:53:12","date_gmt":"2019-07-19T15:53:12","guid":{"rendered":"https:\/\/linitiative.ca\/International\/92162-can-2019-france-castaner-appelle-au-respect-des-valeurs-du-sport-avant-la-finale\/"},"modified":"2019-07-19T11:53:12","modified_gmt":"2019-07-19T15:53:12","slug":"92162-can-2019-france-castaner-appelle-au-respect-des-valeurs-du-sport-avant-la-finale","status":"publish","type":"post","link":"https:\/\/linitiative.ca\/International\/92162-can-2019-france-castaner-appelle-au-respect-des-valeurs-du-sport-avant-la-finale\/","title":{"rendered":"CAN-2019\/France: Castaner appelle au respect des \u00ab\u00a0valeurs du sport\u00a0\u00bb avant la finale"},"content":{"rendered":"<div>\n<div class=\"K2FeedIntroText\">\n<p><strong>PARIS &#8211; Le ministre fran\u00e7ais de l&rsquo;Int\u00e9rieur, Christophe Castaner, a appel\u00e9 vendredi au respect des \u00ab\u00a0valeurs du sport\u00a0\u00bb \u00e0 quelques heures de la finale de la Coupe d&rsquo;Afrique des nations (CAN), qui opposera au stade International du Caire l&rsquo;Alg\u00e9rie au S\u00e9n\u00e9gal.<\/strong><\/p>\n<\/div>\n<div class=\"K2FeedFullText\">\n<p>Cet appel intervient dans le cadre des manifestations de joie des supporters qui doivent suivre en France juste apr\u00e8s la fin du match de finale de la CAN 2019, afin d&rsquo;\u00e9viter des heurts et des d\u00e9bordements entre les forces de s\u00e9curit\u00e9 et les supporters.<\/p>\n<p>Plusieurs \u00e9chauffour\u00e9es et heurts se sont produits en marge de la c\u00e9l\u00e9bration de la victoire de l&rsquo;Alg\u00e9rie contre le Nigeria, le 14 juillet dernier, qui se sont sold\u00e9s par l&rsquo;interpellation de 282 personnes dans toute la France.<\/p>\n<p>Dans toutes les manifestations de joie des supporters alg\u00e9riens en France, dans le cadre de la CAN 2019, des groupes de casseurs et de black-blocs en ont profit\u00e9 pour semer des troubles, rappelle-t-on.<\/p>\n<p>\u00ab\u00a0Une \u00e9quipe gagnera, une \u00e9quipe perdra, mais le sport doit gagner dans tous les cas, et donc le sport implique des notions de respect, des notions de valeur qui doivent rassembler, en aucun cas des notions de violence\u00a0\u00bb, a dit le ministre fran\u00e7ais \u00e0 la presse en marge d&rsquo;un d\u00e9placement \u00e0 Mainvilliers (Eure-et-Loir), regrettant des comportements \u00ab\u00a0totalement inacceptables\u00a0\u00bb.<\/p>\n<p>Par ailleurs, il a appr\u00e9ci\u00e9 l&rsquo;appel des footballeurs, notamment celui des joueurs de l&rsquo;\u00e9quipe nationale alg\u00e9rienne, aux supporters d&rsquo;exprimer leur joie dans le calme.<\/p>\n<p>La pr\u00e9fecture des Alpes-Maritimes a annonc\u00e9 vendredi l&rsquo;interdiction des rassemblements de supporters \u00e0 Nice et Cannes.<\/p>\n<p>D&rsquo;importantes mesures de s\u00e9curit\u00e9 ont \u00e9t\u00e9 prises par les autorit\u00e9s fran\u00e7aises en pr\u00e9vision de la finale de la CAN, avec le renforcement du dispositif de 2500 policiers suppl\u00e9mentaires.<\/p>\n<p>\u00ab\u00a0Un dispositif de protection des fa\u00e7ades de b\u00e2timents et de commerces et d\u2019encadrement sera mis en place sur toute la longueur de l\u2019axe Concorde, Tuileries et Porte Maillot\u00a0\u00bb, a indiqu\u00e9 le pr\u00e9fet de police de Paris Didier Lallement, pr\u00e9cisant que des effectifs suppl\u00e9mentaires seront affect\u00e9s dans d\u2019autres quartiers de Paris, dont notamment Saint-Denis et Barb\u00e8s.<\/p>\n<p>Pour le m\u00eame pr\u00e9fet, \u00ab\u00a0cette manifestation de joie doit rester ce qu&rsquo;elle est, une manifestation de joie\u00a0\u00bb.<\/p>\n<p>A Lyon, les autorit\u00e9s ont \u00e9galement muscl\u00e9 les mesures de pr\u00e9caution afin de parer \u00e0 tout d\u00e9bordement, en interdisant l\u2019usage de p\u00e9tards et la consommation d&rsquo;alcool dans les rues.<\/p>\n<p>Les m\u00eames autorit\u00e9s ont pris la d\u00e9cision de retirer les silos \u00e0 verre et poubelles, dans certains quartiers, qui pourraient \u00eatre utilis\u00e9s par les casseurs lors des d\u00e9bordements.<\/p>\n<p>Dans le d\u00e9partement de l&rsquo;Ain, limitrophe de Lyon, la pr\u00e9fecture a interdit \u00e0 tout individu \u00ab\u00a0de \u00ab\u00a0se cacher le visage ou d&rsquo;avoir des \u00e9quipements destin\u00e9s \u00e0 mettre en \u00e9chec les moyens utilis\u00e9s par les forces de l&rsquo;ordre\u00a0\u00bb.<\/p>\n<p>Plusieurs centaines de policiers, gendarmes et militaires seront mobilis\u00e9s dans la r\u00e9gion des Alpes-Maritimes, notamment \u00e0 Nice, Cannes ou Antibes. La pr\u00e9fecture vient d&rsquo;annoncer l&rsquo;interdiction des rassemblements.<\/p>\n<p>Ce dispositif exceptionnel est renforc\u00e9 des policiers municipaux, a-t-on indiqu\u00e9, seront aussi d\u00e9p\u00each\u00e9s sur le terrain.<\/p>\n<p>Dans la Vienne (Poitiers), il sera interdit d&rsquo;utiliser des feux d&rsquo;artifice jusqu&rsquo;\u00e0 samedi, alors que dans le d\u00e9partement du Gard (Montpellier), les autorit\u00e9s ont interdit la vente du carburant dans des contenants dans plusieurs villes.<\/p>\n<p>A Tours, la circulation et le stationnement seront interdits dans le centre-ville, alors qu&rsquo;\u00e0 Marseille, 350 membres des forces de l\u2019ordre seront d\u00e9ploy\u00e9s pour contrer d&rsquo;\u00e9ventuels d\u00e9passements.<\/p>\n<p>Dans le Nord-Est, \u00e0 Strasbourg, la pr\u00e9fecture a d\u00fb annuler qu&rsquo;un concert de musique pr\u00e9vu vendredi soir \u00ab\u00a0en raison d\u2019autres manifestations sur l\u2019espace public li\u00e9 notamment au r\u00e9sultat de la finale de la coupe d\u2019Afrique des nations\u00a0\u00bb.<\/p>\n<\/div>\n<p><img loading=\"lazy\" decoding=\"async\" src=\"http:\/\/feeds.feedburner.com\/~r\/aps-sport\/~4\/UZ4UsaJDBak\" height=\"1\" width=\"1\" alt=\"\"><\/div>\n<p>Auteur:<br \/>\n<a href=\"http:\/\/www.aps.dz\/sport\/92162-can-2019-france-castaner-appelle-au-respect-des-valeurs-du-sport-avant-la-finale?utm_source=feedburner&#038;utm_medium=feed&#038;utm_campaign=Feed%3A+aps-sport+%28APS+-+SPORT%29\">Cliquez ici pour lire l&rsquo;article depuis sa source.<\/a><\/p>\n","protected":false},"excerpt":{"rendered":"<p>PARIS &#8211; Le ministre fran\u00e7ais de l&rsquo;Int\u00e9rieur, Christophe Castaner, a appel\u00e9 vendredi au respect des \u00ab\u00a0valeurs du sport\u00a0\u00bb \u00e0 quelques heures de la finale de la Coupe d&rsquo;Afrique des nations (CAN), qui opposera au stade International du Caire l&rsquo;Alg\u00e9rie au S\u00e9n\u00e9gal. Cet appel intervient dans le cadre des manifestations de joie des supporters qui doivent [&hellip;]<\/p>\n","protected":false},"author":1790,"featured_media":0,"comment_status":"closed","ping_status":"closed","sticky":false,"template":"","format":"standard","meta":{"fifu_image_url":"","fifu_image_alt":"","footnotes":""},"categories":[53,75],"tags":[],"class_list":["post-47248","post","type-post","status-publish","format-standard","hentry","category-algerie","category-sport"],"_links":{"self":[{"href":"https:\/\/linitiative.ca\/International\/wp-json\/wp\/v2\/posts\/47248","targetHints":{"allow":["GET"]}}],"collection":[{"href":"https:\/\/linitiative.ca\/International\/wp-json\/wp\/v2\/posts"}],"about":[{"href":"https:\/\/linitiative.ca\/International\/wp-json\/wp\/v2\/types\/post"}],"author":[{"embeddable":true,"href":"https:\/\/linitiative.ca\/International\/wp-json\/wp\/v2\/users\/1790"}],"replies":[{"embeddable":true,"href":"https:\/\/linitiative.ca\/International\/wp-json\/wp\/v2\/comments?post=47248"}],"version-history":[{"count":0,"href":"https:\/\/linitiative.ca\/International\/wp-json\/wp\/v2\/posts\/47248\/revisions"}],"wp:attachment":[{"href":"https:\/\/linitiative.ca\/International\/wp-json\/wp\/v2\/media?parent=47248"}],"wp:term":[{"taxonomy":"category","embeddable":true,"href":"https:\/\/linitiative.ca\/International\/wp-json\/wp\/v2\/categories?post=47248"},{"taxonomy":"post_tag","embeddable":true,"href":"https:\/\/linitiative.ca\/International\/wp-json\/wp\/v2\/tags?post=47248"}],"curies":[{"name":"wp","href":"https:\/\/api.w.org\/{rel}","templated":true}]}}