{"id":47249,"date":"2019-07-19T11:56:14","date_gmt":"2019-07-19T15:56:14","guid":{"rendered":"https:\/\/linitiative.ca\/International\/92163-can-2019-finale-senegal-algerie-echos-du-caire\/"},"modified":"2019-07-19T11:56:14","modified_gmt":"2019-07-19T15:56:14","slug":"92163-can-2019-finale-senegal-algerie-echos-du-caire","status":"publish","type":"post","link":"https:\/\/linitiative.ca\/International\/92163-can-2019-finale-senegal-algerie-echos-du-caire\/","title":{"rendered":"CAN-2019 (Finale) S\u00e9n\u00e9gal &#8211; Alg\u00e9rie : Echos du Caire"},"content":{"rendered":"<div>\n<div class=\"K2FeedIntroText\">\n<p><strong>LE CAIRE \u2013 Echos recueillies par l\u2019APS du Caire, ville h\u00f4te de la finale de la 32e Coupe d\u2019Afrique des nations CAN-2019 de football en Egypte, pr\u00e9vue ce vendredi soir entre le S\u00e9n\u00e9gal et l\u2019Alg\u00e9rie, au stade International du Caire (20h00, alg\u00e9riennes) :<\/strong><\/p>\n<\/div>\n<div class=\"K2FeedFullText\">\n<p>\u00a0<\/p>\n<p><strong>&#8211; ORGANISATION :<\/strong> Les journalistes alg\u00e9riens accr\u00e9dit\u00e9s pour la couverture de cette finale ont trouv\u00e9 les pires difficult\u00e9s pour acc\u00e9der \u00e0 l\u2019int\u00e9rieur du stade. Outre les points de fouille draconiens install\u00e9s aux abords de l\u2019enceinte cairote, les repr\u00e9sentants de la presse alg\u00e9rienne ont \u00e9t\u00e9 surpris par le refus essuy\u00e9 de la part des services de s\u00e9curit\u00e9 en leur refusant l\u2019acc\u00e8s au stade, priant les gens des m\u00e9dias \u00e0 emprunter une autre porte qui se trouvait \u00e0 15 minutes de marche. Il a fallu l\u2019intervention du charg\u00e9 de communication du tournoi pour permettre aux journalistes d\u2019entr\u00e9e apr\u00e8s plus d\u2019une demi-heure d\u2019attente sous un soleil de plomb.<\/p>\n<p>\u00a0<\/p>\n<p><strong>&#8211; PRESSE :<\/strong> S\u2019il aura fallu beaucoup de patience et surtout de sang froid pou acc\u00e9der au stade, au niveau du centre de presse, les choses sont beaucoup mieux organis\u00e9es. Les formalit\u00e9s pour s\u2019offrir les fameux tickets relatifs \u00e0 la conf\u00e9rence de presse, \u00e0 la zone mixte, et au m\u00e9dia stand, se sont d\u00e9roul\u00e9es rapidement, m\u00eame si la salle de presse s\u2019est av\u00e9r\u00e9e exig\u00fce pour contenir le nombre important de journalistes venus couvrir cette finale. Chaque journaliste est pri\u00e9 de s\u2019asseoir sur la table au dessus un num\u00e9ro qui lui a \u00e9t\u00e9 attribu\u00e9.<\/p>\n<p>\u00a0<\/p>\n<p><strong>&#8211; SECURITE :<\/strong> Des mesures de s\u00e9curit\u00e9 exceptionnelles ont \u00e9t\u00e9 prises pour le bon d\u00e9roulement de cette finale. Le comit\u00e9 local d\u2019organisation a annonc\u00e9 jeudi que les portes seront ferm\u00e9es 5 heures avant le coup d\u2019envoi de la finale, qui sera pr\u00e9c\u00e9d\u00e9e par la c\u00e9r\u00e9monie de cl\u00f4ture qui s\u2019annonce grandiose. Plusieurs chefs d\u2019Etats sont annonc\u00e9s pour assister \u00e0 la rencontre, dont le Chef de l&rsquo;Etat alg\u00e9rien Abdelkader Bensalah, qui a ralli\u00e9 la capitale \u00e9gyptienne jeudi.<\/p>\n<p>\u00a0<\/p>\n<p><strong>&#8211; AMBIANCE :<\/strong> Les supporters alg\u00e9riens, qui se sont d\u00e9plac\u00e9s en masse pour soutenir les \u00a0\u00bb Verts \u00ab\u00a0, ont cr\u00e9\u00e9 jeudi une folle ambiance dans les diff\u00e9rents art\u00e8res du Caire, et notamment \u00e0 la place Al-Tahrir, o\u00f9 ils ont investi les lieux pour chanter l\u2019hymne national, arborant fi\u00e8rement les drapeaux et leurs \u00e9charpes, dans le respect le plus total.<\/p>\n<p>\u00a0<\/p>\n<p><strong>&#8211; AL-AZHAR :<\/strong> Avant d\u2019aller au stade, plusieurs supporters alg\u00e9riens ont profit\u00e9 pour accomplir la pri\u00e8re du vendredi \u00e0 la c\u00e9l\u00e8bre mosqu\u00e9e Al-Azhar, en plein centre du Caire. A l\u2019int\u00e9rieur de ces lieux saints, les Alg\u00e9riens \u00e9taient largement distingu\u00e9s avec leurs fameux maillots aux couleurs nationales.<\/p>\n<p>\u00a0<\/p>\n<p><strong>&#8211; BELAILI :<\/strong> L\u2019ailier gauche alg\u00e9rien Youcef Bela\u00efli a re\u00e7u le soutien de son club de l\u2019ES Tunis. Le champion de Tunisie sortant a diffus\u00e9 une vid\u00e9o sur son site officiel intitul\u00e9e \u00a0\u00bb Tous avec toi Youcef \u00ab\u00a0, avec des messages de soutien notamment de son entra\u00eeneur Mouine Cha\u00e2bani et de ses co\u00e9quipiers. L\u2019enfant d\u2019Oran s\u2019appr\u00eate \u00e0 disputer sa troisi\u00e8me finale, toutes comp\u00e9titions confondues. Il avait part aux deux derni\u00e8res finales de la Ligue des champions d\u2019Afrique sous le maillot de l\u2019Esp\u00e9rance.<\/p>\n<p>\u00a0<\/p>\n<p><strong>&#8211; ANCIENS JOUEURS :<\/strong> Les deux anciens joueurs de la s\u00e9lection nationale, le d\u00e9fenseur Anthar Yahia et l\u2019attaquant Rafik Djebbour ont tenu \u00e0 se d\u00e9placer au Caire pour assister \u00e0 cette finale. L\u2019ancien milieu offensif de l\u2019\u00e9quipe de France Franck Rib\u00e8ry, dont la femme est Alg\u00e9rienne, se trouve \u00e9galement dans la capitale \u00e9gyptienne en compagnie de sa fille pour soutenir les \u00ab\u00a0Verts\u00a0\u00bb.<\/p>\n<p>\u00a0<\/p>\n<p><strong>&#8211; CHANGEMENTS :<\/strong> Le s\u00e9lectionneur s\u00e9n\u00e9galais Aliou Ciss\u00e9 va op\u00e9rer deux changements au niveau de son onze de d\u00e9part, suite notamment \u00e0 l\u2019absence de son d\u00e9fenseur central Kalidou Koulibaly, suspendu pour cumul de cartons. Selon la presse s\u00e9n\u00e9galaise, le coach des \u00a0\u00bb Lions de la Teranga\u00a0\u00bb aura\u00a0 \u00ab\u00a0deux profils qui se pr\u00e9sentent pour palier l\u2019absence de Koulibaly : Papa Abdou Ciss\u00e9 ou Salif San\u00e9, alors que pour l\u2019aile droit il aura \u00e0 trancher entre Kr\u00e9pin Diatta ou Isma\u00efla Sarr\u00a0\u00bb.<\/p>\n<\/div>\n<p><img loading=\"lazy\" decoding=\"async\" src=\"http:\/\/feeds.feedburner.com\/~r\/aps-sport\/~4\/sFnEyMa1J80\" height=\"1\" width=\"1\" alt=\"\"><\/div>\n<p>Auteur:<br \/>\n<a href=\"http:\/\/www.aps.dz\/sport\/92163-can-2019-finale-senegal-algerie-echos-du-caire?utm_source=feedburner&#038;utm_medium=feed&#038;utm_campaign=Feed%3A+aps-sport+%28APS+-+SPORT%29\">Cliquez ici pour lire l&rsquo;article depuis sa source.<\/a><\/p>\n","protected":false},"excerpt":{"rendered":"<p>LE CAIRE \u2013 Echos recueillies par l\u2019APS du Caire, ville h\u00f4te de la finale de la 32e Coupe d\u2019Afrique des nations CAN-2019 de football en Egypte, pr\u00e9vue ce vendredi soir entre le S\u00e9n\u00e9gal et l\u2019Alg\u00e9rie, au stade International du Caire (20h00, alg\u00e9riennes) : \u00a0 &#8211; ORGANISATION : Les journalistes alg\u00e9riens accr\u00e9dit\u00e9s pour la couverture de [&hellip;]<\/p>\n","protected":false},"author":1790,"featured_media":0,"comment_status":"closed","ping_status":"closed","sticky":false,"template":"","format":"standard","meta":{"fifu_image_url":"","fifu_image_alt":"","footnotes":""},"categories":[53,75],"tags":[],"class_list":["post-47249","post","type-post","status-publish","format-standard","hentry","category-algerie","category-sport"],"_links":{"self":[{"href":"https:\/\/linitiative.ca\/International\/wp-json\/wp\/v2\/posts\/47249","targetHints":{"allow":["GET"]}}],"collection":[{"href":"https:\/\/linitiative.ca\/International\/wp-json\/wp\/v2\/posts"}],"about":[{"href":"https:\/\/linitiative.ca\/International\/wp-json\/wp\/v2\/types\/post"}],"author":[{"embeddable":true,"href":"https:\/\/linitiative.ca\/International\/wp-json\/wp\/v2\/users\/1790"}],"replies":[{"embeddable":true,"href":"https:\/\/linitiative.ca\/International\/wp-json\/wp\/v2\/comments?post=47249"}],"version-history":[{"count":0,"href":"https:\/\/linitiative.ca\/International\/wp-json\/wp\/v2\/posts\/47249\/revisions"}],"wp:attachment":[{"href":"https:\/\/linitiative.ca\/International\/wp-json\/wp\/v2\/media?parent=47249"}],"wp:term":[{"taxonomy":"category","embeddable":true,"href":"https:\/\/linitiative.ca\/International\/wp-json\/wp\/v2\/categories?post=47249"},{"taxonomy":"post_tag","embeddable":true,"href":"https:\/\/linitiative.ca\/International\/wp-json\/wp\/v2\/tags?post=47249"}],"curies":[{"name":"wp","href":"https:\/\/api.w.org\/{rel}","templated":true}]}}