{"id":47250,"date":"2019-07-19T12:10:01","date_gmt":"2019-07-19T16:10:01","guid":{"rendered":"https:\/\/linitiative.ca\/International\/92167-can-870-supporters-transportes-par-9-avions-militaires-pour-assister-au-match-de-la-finale\/"},"modified":"2019-07-19T12:10:01","modified_gmt":"2019-07-19T16:10:01","slug":"92167-can-870-supporters-transportes-par-9-avions-militaires-pour-assister-au-match-de-la-finale","status":"publish","type":"post","link":"https:\/\/linitiative.ca\/International\/92167-can-870-supporters-transportes-par-9-avions-militaires-pour-assister-au-match-de-la-finale\/","title":{"rendered":"CAN: 870 supporters transport\u00e9s par 9 avions militaires pour assister au match de la finale"},"content":{"rendered":"<div>\n<div class=\"K2FeedIntroText\">\n<p><strong>ALGER &#8211; Neuf avions militaires ont d\u00e9coll\u00e9 vendredi depuis plusieurs a\u00e9roports du pays en direction du Caire\u00a0 transportant 870 supporters afin de soutenir l&rsquo;\u00e9quipe nationale de football qui disputera ce vendredi la finale de la coupe d&rsquo;Afrique des nations contre son homologue du S\u00e9n\u00e9gal, indique un communiqu\u00e9 du minist\u00e8re de la D\u00e9fense nationale.<\/strong><\/p>\n<\/div>\n<div class=\"K2FeedFullText\">\n<p>\u00ab\u00a0Suite \u00e0 la qualification de l&rsquo;\u00e9quipe nationale alg\u00e9rienne en finale de la Coupe d&rsquo;Afrique des nations, et en ex\u00e9cution des instructions de Monsieur le vice-ministre de la D\u00e9fense nationale, chef d&rsquo;Etat-major de l&rsquo;Arm\u00e9e populaire nationale, relatives \u00e0 la prise en charge du transport des supporters de l&rsquo;\u00e9quipe nationale \u00e0 bord d\u2019avions militaires relevant du minist\u00e8re de la D\u00e9fense nationale, neuf (09) avions militaires ont d\u00e9coll\u00e9 ce matin 19 juillet 2019 depuis plusieurs a\u00e9roports nationaux en direction du Caire (Egypte), pour soutenir l&rsquo;\u00e9quipe nationale alg\u00e9rienne\u00a0\u00bb, selon la m\u00eame source.<\/p>\n<p>Ces avions ont d\u00e9coll\u00e9 des a\u00e9roports de B\u00e9char, Tindouf et Adrar en 3\u00e8me R\u00e9gion militaire avec un total de 315 supporters, les a\u00e9roports d&rsquo;Ouargla, Biskra, El-Oued, Illizi et Gharda\u00efa, en 4\u00e8me RM, avec un total de 450 supporters ainsi que l\u2019a\u00e9roport de Tamanrasset en 6\u00e8me RM avec 105 supporters, pour atteindre un total de 870 supporters, pr\u00e9cise le communiqu\u00e9 du MDN.<\/p>\n<\/div>\n<p><img loading=\"lazy\" decoding=\"async\" src=\"http:\/\/feeds.feedburner.com\/~r\/aps-sport\/~4\/K7PzUaLApEQ\" height=\"1\" width=\"1\" alt=\"\"><\/div>\n<p>Auteur:<br \/>\n<a href=\"http:\/\/www.aps.dz\/sport\/92167-can-870-supporters-transportes-par-9-avions-militaires-pour-assister-au-match-de-la-finale?utm_source=feedburner&#038;utm_medium=feed&#038;utm_campaign=Feed%3A+aps-sport+%28APS+-+SPORT%29\">Cliquez ici pour lire l&rsquo;article depuis sa source.<\/a><\/p>\n","protected":false},"excerpt":{"rendered":"<p>ALGER &#8211; Neuf avions militaires ont d\u00e9coll\u00e9 vendredi depuis plusieurs a\u00e9roports du pays en direction du Caire\u00a0 transportant 870 supporters afin de soutenir l&rsquo;\u00e9quipe nationale de football qui disputera ce vendredi la finale de la coupe d&rsquo;Afrique des nations contre son homologue du S\u00e9n\u00e9gal, indique un communiqu\u00e9 du minist\u00e8re de la D\u00e9fense nationale. \u00ab\u00a0Suite \u00e0 [&hellip;]<\/p>\n","protected":false},"author":1790,"featured_media":0,"comment_status":"closed","ping_status":"closed","sticky":false,"template":"","format":"standard","meta":{"fifu_image_url":"","fifu_image_alt":"","footnotes":""},"categories":[53,75],"tags":[],"class_list":["post-47250","post","type-post","status-publish","format-standard","hentry","category-algerie","category-sport"],"_links":{"self":[{"href":"https:\/\/linitiative.ca\/International\/wp-json\/wp\/v2\/posts\/47250","targetHints":{"allow":["GET"]}}],"collection":[{"href":"https:\/\/linitiative.ca\/International\/wp-json\/wp\/v2\/posts"}],"about":[{"href":"https:\/\/linitiative.ca\/International\/wp-json\/wp\/v2\/types\/post"}],"author":[{"embeddable":true,"href":"https:\/\/linitiative.ca\/International\/wp-json\/wp\/v2\/users\/1790"}],"replies":[{"embeddable":true,"href":"https:\/\/linitiative.ca\/International\/wp-json\/wp\/v2\/comments?post=47250"}],"version-history":[{"count":0,"href":"https:\/\/linitiative.ca\/International\/wp-json\/wp\/v2\/posts\/47250\/revisions"}],"wp:attachment":[{"href":"https:\/\/linitiative.ca\/International\/wp-json\/wp\/v2\/media?parent=47250"}],"wp:term":[{"taxonomy":"category","embeddable":true,"href":"https:\/\/linitiative.ca\/International\/wp-json\/wp\/v2\/categories?post=47250"},{"taxonomy":"post_tag","embeddable":true,"href":"https:\/\/linitiative.ca\/International\/wp-json\/wp\/v2\/tags?post=47250"}],"curies":[{"name":"wp","href":"https:\/\/api.w.org\/{rel}","templated":true}]}}