{"id":47253,"date":"2019-07-19T14:06:00","date_gmt":"2019-07-19T18:06:00","guid":{"rendered":"https:\/\/linitiative.ca\/International\/affaires-sonatrach-et-khalifa-chakib-khelil-et-rafik-khalifa-seront-rejuges\/"},"modified":"2019-07-19T14:06:00","modified_gmt":"2019-07-19T18:06:00","slug":"affaires-sonatrach-et-khalifa-chakib-khelil-et-rafik-khalifa-seront-rejuges","status":"publish","type":"post","link":"https:\/\/linitiative.ca\/International\/affaires-sonatrach-et-khalifa-chakib-khelil-et-rafik-khalifa-seront-rejuges\/","title":{"rendered":"AFFAIRES SONATRACH ET KHALIFA : Chakib Khelil et Rafik   Khalifa seront rejug\u00e9s"},"content":{"rendered":"<p><br id=\"sep_para_1\" class=\"sep_para access\"\/><\/p>\n<div id=\"para_1\" class=\"para_32221674 resize\">\n<div class=\"texte access firstletter\">Consciente que certaines personnes aient pu b\u00e9n\u00e9ficier d\u2019une gr\u00e2ce et \u00e9chapper \u00e0 la justice, la Cour supr\u00eame veut que les personnes impliqu\u00e9es dans des affaires de corruption soient toutes jug\u00e9es. Ainsi avec le r\u00e9examen de ces deux dossiers, il est probable que de nouveaux noms soient cit\u00e9s, et que de nouveaux scandales refassent surface. Dans l\u2019affaire Khalifa, le dossier de l\u2019ancien ministre de l\u2019Energie Chakib Khelil a \u00e9t\u00e9 transmis \u00e0 la Cour supr\u00eame depuis le mois d\u2019avril dernier. Chakib Khelil est poursuivi pour \u00abinfraction \u00e0 la loi sur les capitaux\u00bb et \u00absignature\u00a0 de deux contrats en infraction de la loi avec des partenaires \u00e9trangers\u00bb. Par ailleurs, et dans l\u2019affaire Khalifa, il est attendu que le dossier de la banque soit r\u00e9\u00e9tudi\u00e9, le ministre des Finances, celui de l\u2019int\u00e9rieur seront probablement entendus. Dans ce m\u00eame volet, mais dans un dossier distinct, \u00e0 savoir celui de l\u2019aviation, Khalifa Airways risque de secouer l\u2019opinion publique. En f\u00e9vrier 2016, une peine de 6 ans d\u2019emprisonnement a \u00e9t\u00e9 prononc\u00e9e \u00e0 l\u2019encontre du principal accus\u00e9 dans l\u2019affaire Sonatrach 1. Le pr\u00e9sident du conseil d\u2019administration du Groupe alg\u00e9ro-allemand Contel Funkwerk, Ismail Mohamed Reda Djaafar, en l\u2019occurrence. Chakib Khalil, qui occupait le poste de ministre de l\u2019Energie, \u00e0 cette \u00e9poque, s\u2019en est sorti indemne. Quant \u00e0 Rafik Khalifa, il avait \u00e9cop\u00e9, en juin 2015, d\u2019une peine de 18 ans de prison ferme. Ces jugements d\u00e9finitifs avaient \u00e9t\u00e9 rendus dans l\u2019affaire Sonatrach 1, examin\u00e9e par le Tribunal criminel d\u2019Alger et l\u2019affaire Khalifa, examin\u00e9e par la chambre d\u2019accusation pr\u00e8s la Cour de Blida.<\/div>\n<\/div>\n<p>Auteur: Ismain<br \/>\n<a href=\"https:\/\/www.reflexiondz.net\/AFFAIRES-SONATRACH-ET-KHALIFA-Chakib-Khelil-et-Rafik-Khalifa-seront-rejuges_a56669.html\">Cliquez ici pour lire l&rsquo;article depuis sa source.<\/a><\/p>\n","protected":false},"excerpt":{"rendered":"<p>Consciente que certaines personnes aient pu b\u00e9n\u00e9ficier d\u2019une gr\u00e2ce et \u00e9chapper \u00e0 la justice, la Cour supr\u00eame veut que les personnes impliqu\u00e9es dans des affaires de corruption soient toutes jug\u00e9es. Ainsi avec le r\u00e9examen de ces deux dossiers, il est probable que de nouveaux noms soient cit\u00e9s, et que de nouveaux scandales refassent surface. Dans [&hellip;]<\/p>\n","protected":false},"author":1740,"featured_media":0,"comment_status":"closed","ping_status":"closed","sticky":false,"template":"","format":"standard","meta":{"fifu_image_url":"","fifu_image_alt":"","footnotes":""},"categories":[53,76],"tags":[],"class_list":["post-47253","post","type-post","status-publish","format-standard","hentry","category-algerie","category-regions"],"_links":{"self":[{"href":"https:\/\/linitiative.ca\/International\/wp-json\/wp\/v2\/posts\/47253","targetHints":{"allow":["GET"]}}],"collection":[{"href":"https:\/\/linitiative.ca\/International\/wp-json\/wp\/v2\/posts"}],"about":[{"href":"https:\/\/linitiative.ca\/International\/wp-json\/wp\/v2\/types\/post"}],"author":[{"embeddable":true,"href":"https:\/\/linitiative.ca\/International\/wp-json\/wp\/v2\/users\/1740"}],"replies":[{"embeddable":true,"href":"https:\/\/linitiative.ca\/International\/wp-json\/wp\/v2\/comments?post=47253"}],"version-history":[{"count":0,"href":"https:\/\/linitiative.ca\/International\/wp-json\/wp\/v2\/posts\/47253\/revisions"}],"wp:attachment":[{"href":"https:\/\/linitiative.ca\/International\/wp-json\/wp\/v2\/media?parent=47253"}],"wp:term":[{"taxonomy":"category","embeddable":true,"href":"https:\/\/linitiative.ca\/International\/wp-json\/wp\/v2\/categories?post=47253"},{"taxonomy":"post_tag","embeddable":true,"href":"https:\/\/linitiative.ca\/International\/wp-json\/wp\/v2\/tags?post=47253"}],"curies":[{"name":"wp","href":"https:\/\/api.w.org\/{rel}","templated":true}]}}