{"id":47254,"date":"2019-07-19T14:15:00","date_gmt":"2019-07-19T18:15:00","guid":{"rendered":"https:\/\/linitiative.ca\/International\/feux-de-forets-plus-de-4-000-ha-ravages-par-les-flammes\/"},"modified":"2019-07-19T14:15:00","modified_gmt":"2019-07-19T18:15:00","slug":"feux-de-forets-plus-de-4-000-ha-ravages-par-les-flammes","status":"publish","type":"post","link":"https:\/\/linitiative.ca\/International\/feux-de-forets-plus-de-4-000-ha-ravages-par-les-flammes\/","title":{"rendered":"FEUX DE FORETS : Plus de 4.000 ha ravag\u00e9s  par les flammes"},"content":{"rendered":"<p><br id=\"sep_para_1\" class=\"sep_para access\"\/><\/p>\n<div id=\"para_1\" class=\"para_32221706 resize\">\n<div class=\"texte access firstletter\">Au total, 4.260 ha de for\u00eats ont \u00e9t\u00e9 ravag\u00e9s par les flammes \u00e0 travers le pays, depuis le d\u00e9but de la saison chaude \u00e0 ce jour, a annonc\u00e9 jeudi \u00e0 Oum El Bouaghi, le directeur g\u00e9n\u00e9ral des for\u00eats (DGF), Ali Mahmoudi. Dans une d\u00e9claration \u00e0 la presse, en marge de la mise en service, depuis le mont Sidi R\u2019ghis, de la colonne mobile de lutte contre les incendies, d\u00e9pendant de la Conservation des for\u00eats et la protection civile, le m\u00eame responsable a pr\u00e9cis\u00e9 que les 578 incendies d\u00e9clar\u00e9s \u00e0 travers le pays, depuis le d\u00e9but de l\u2019\u00e9t\u00e9 \u00e0 ce jour, ont d\u00e9truit 4.260 ha de for\u00eats. Rappelons que la wilaya de Tissemsilt vient en t\u00eate en mati\u00e8re d\u2019incendies de for\u00eat durant l\u2019exercice 2019 avec la destruction de 1.126 ha, le m\u00eame responsable a estim\u00e9 que l\u2019ann\u00e9e en cours est jug\u00e9e \u00ab\u00a0normale\u00a0\u00bb du point de vue du nombre d\u2019incendies et ce, comparativement aux ann\u00e9es pr\u00e9c\u00e9dentes. S\u2019agissant de la colonne mobile anti-incendie relevant de la DGF et qui vient d\u2019\u00eatre install\u00e9e \u00e0 Oum El Bouaghi, il a \u00e9t\u00e9 pr\u00e9cis\u00e9 que ce dispositif, 10\u00e8me du genre \u00e0 l\u2019\u00e9chelle nationale, intervient jusqu\u2019aux wilayas de Mila et T\u00e9bessa. La colonne mobile d\u2019Oum El Bouaghi dispose d\u2019importants moyens mat\u00e9riels et humains, \u00e0 savoir 8 camions-citernes, 4 pompes mobiles et 16 agents d\u2019intervention de lutte anti-incendie, selon les explications fournies sur place. Le DGF a poursuivi sa visite \u00e0 Oum El Bouaghi par l\u2019inspection du point de vente du charbon de bois dans la localit\u00e9 d&rsquo;El Madfoune et le dortoir des agents activant dans la colonne mobile venant des wilayas de T\u00e9bessa et Mila.\u00a0\u00a0\u00a0\u00a0\u00a0\u00a0\u00a0\u00a0\u00a0\u00a0<\/div>\n<\/div>\n<p>Auteur: Smain<br \/>\n<a href=\"https:\/\/www.reflexiondz.net\/FEUX-DE-FORETS-Plus-de-4-000-ha-ravages-par-les-flammes_a56677.html\">Cliquez ici pour lire l&rsquo;article depuis sa source.<\/a><\/p>\n","protected":false},"excerpt":{"rendered":"<p>Au total, 4.260 ha de for\u00eats ont \u00e9t\u00e9 ravag\u00e9s par les flammes \u00e0 travers le pays, depuis le d\u00e9but de la saison chaude \u00e0 ce jour, a annonc\u00e9 jeudi \u00e0 Oum El Bouaghi, le directeur g\u00e9n\u00e9ral des for\u00eats (DGF), Ali Mahmoudi. Dans une d\u00e9claration \u00e0 la presse, en marge de la mise en service, depuis [&hellip;]<\/p>\n","protected":false},"author":1740,"featured_media":0,"comment_status":"closed","ping_status":"closed","sticky":false,"template":"","format":"standard","meta":{"fifu_image_url":"","fifu_image_alt":"","footnotes":""},"categories":[53,76],"tags":[],"class_list":["post-47254","post","type-post","status-publish","format-standard","hentry","category-algerie","category-regions"],"_links":{"self":[{"href":"https:\/\/linitiative.ca\/International\/wp-json\/wp\/v2\/posts\/47254","targetHints":{"allow":["GET"]}}],"collection":[{"href":"https:\/\/linitiative.ca\/International\/wp-json\/wp\/v2\/posts"}],"about":[{"href":"https:\/\/linitiative.ca\/International\/wp-json\/wp\/v2\/types\/post"}],"author":[{"embeddable":true,"href":"https:\/\/linitiative.ca\/International\/wp-json\/wp\/v2\/users\/1740"}],"replies":[{"embeddable":true,"href":"https:\/\/linitiative.ca\/International\/wp-json\/wp\/v2\/comments?post=47254"}],"version-history":[{"count":0,"href":"https:\/\/linitiative.ca\/International\/wp-json\/wp\/v2\/posts\/47254\/revisions"}],"wp:attachment":[{"href":"https:\/\/linitiative.ca\/International\/wp-json\/wp\/v2\/media?parent=47254"}],"wp:term":[{"taxonomy":"category","embeddable":true,"href":"https:\/\/linitiative.ca\/International\/wp-json\/wp\/v2\/categories?post=47254"},{"taxonomy":"post_tag","embeddable":true,"href":"https:\/\/linitiative.ca\/International\/wp-json\/wp\/v2\/tags?post=47254"}],"curies":[{"name":"wp","href":"https:\/\/api.w.org\/{rel}","templated":true}]}}