{"id":47257,"date":"2019-07-19T14:15:00","date_gmt":"2019-07-19T18:15:00","guid":{"rendered":"https:\/\/linitiative.ca\/International\/prison-del-harrach-amar-ghoul-rejoint-ses-partenaires-politiques\/"},"modified":"2019-07-19T14:15:00","modified_gmt":"2019-07-19T18:15:00","slug":"prison-del-harrach-amar-ghoul-rejoint-ses-partenaires-politiques","status":"publish","type":"post","link":"https:\/\/linitiative.ca\/International\/prison-del-harrach-amar-ghoul-rejoint-ses-partenaires-politiques\/","title":{"rendered":"PRISON D\u2019EL-HARRACH : Amar Ghoul rejoint ses partenaires politiques"},"content":{"rendered":"<p><br id=\"sep_para_1\" class=\"sep_para access\"\/><\/p>\n<div id=\"para_1\" class=\"para_32221694 resize\">\n<div class=\"texte access firstletter\">Abus de fonction, dilapidation de deniers publics et corruption en mati\u00e8re de march\u00e9s publics sont les principales charges retenues contre l&rsquo;ancien ministre des Travaux publics, Amar Ghoul, a indiqu\u00e9 un communiqu\u00e9 du Procureur g\u00e9n\u00e9ral pr\u00e8s la Cour supr\u00eame.\u00a0 En effet, la Cour supr\u00eame a pris cette d\u00e9cision dans une seule affaire de corruption. C\u2019est celle li\u00e9e au milliardaire et homme d\u2019affaires Mahieddine Tahkout, selon des \u00e9l\u00e9ments d\u2019informations communiqu\u00e9s par des sources judicaires. Ces deux affaires ne repr\u00e9sentent en fait qu\u2019une sorte \u00ab d\u2019entr\u00e9e \u00bb, pour emprunter une m\u00e9taphore culinaire, en attendant le plat de r\u00e9sistance qu\u2019est le scandale \u00ab kilom\u00e9trique \u00bb de l\u2019autoroute Est\/Ouest. Amar Ghoul, un des visages de la corruption durant le r\u00e8gne du pr\u00e9sident Bouteflika, a longtemps cru pouvoir s\u2019en tirer \u00e0 bon compte avant de se faire rattraper par la Justice\u00a0 qui a exig\u00e9 la lev\u00e9e de son immunit\u00e9 parlementaire.\u00a0 Une immunit\u00e9 \u00e0 laquelle il a volontairement renonc\u00e9, pour ne pas subir l\u2019affront du vote en session pl\u00e9ni\u00e8re, \u00e0 l\u2019instar de ses deux coll\u00e8gues, Djamel Ould Abb\u00e8s\u00a0 et Said Barkat qui sont plac\u00e9s en d\u00e9tention pr\u00e9ventive, depuis deux semaines \u00e0 la prison d\u2019El Harrach o\u00f9 il devrait les rejoindre vu la nature des accusations. L&rsquo;ancien wali d&rsquo;Alger, Abdelkader Zoukh, doit, lui aussi compara\u00eetre \u00e0 nouveau devant le juge instructeur de la Cour supr\u00eame qui a d\u00e9j\u00e0 d\u00e9cid\u00e9 de le placer sous contr\u00f4le judiciaire pour de nombreuses affaires de corruption.\u00a0 De ce fait, le chef de TAJ rejoint trois autres chefs des partis de l\u2019ex-alliance pr\u00e9sidentielle, en l\u2019occurrence Djamel Ould Abbes du FLN, Ahmed Ouyahia du RND et Amara Benyounes du MPA, en attendant son proc\u00e8s ainsi que les nouvelles affaires dans lesquelles il sera poursuivi. Pour rappel, la Cour supr\u00eame avait lanc\u00e9 le 9 juillet dernier des poursuites contre Amar Ghoul en sa qualit\u00e9 d\u2019ex-ministre. Cette institution judiciaire avait indiqu\u00e9 qu\u2019elle poursuivait le pr\u00e9sident de TAJ dans les dossiers des milliardaires Haddad et Tahkout.<\/div>\n<\/div>\n<p>Auteur: Ismain<br \/>\n<a href=\"https:\/\/www.reflexiondz.net\/PRISON-D-EL-HARRACH-Amar-Ghoul-rejoint-ses-partenaires-politiques_a56674.html\">Cliquez ici pour lire l&rsquo;article depuis sa source.<\/a><\/p>\n","protected":false},"excerpt":{"rendered":"<p>Abus de fonction, dilapidation de deniers publics et corruption en mati\u00e8re de march\u00e9s publics sont les principales charges retenues contre l&rsquo;ancien ministre des Travaux publics, Amar Ghoul, a indiqu\u00e9 un communiqu\u00e9 du Procureur g\u00e9n\u00e9ral pr\u00e8s la Cour supr\u00eame.\u00a0 En effet, la Cour supr\u00eame a pris cette d\u00e9cision dans une seule affaire de corruption. C\u2019est celle [&hellip;]<\/p>\n","protected":false},"author":1740,"featured_media":0,"comment_status":"closed","ping_status":"closed","sticky":false,"template":"","format":"standard","meta":{"fifu_image_url":"","fifu_image_alt":"","footnotes":""},"categories":[53,76],"tags":[],"class_list":["post-47257","post","type-post","status-publish","format-standard","hentry","category-algerie","category-regions"],"_links":{"self":[{"href":"https:\/\/linitiative.ca\/International\/wp-json\/wp\/v2\/posts\/47257","targetHints":{"allow":["GET"]}}],"collection":[{"href":"https:\/\/linitiative.ca\/International\/wp-json\/wp\/v2\/posts"}],"about":[{"href":"https:\/\/linitiative.ca\/International\/wp-json\/wp\/v2\/types\/post"}],"author":[{"embeddable":true,"href":"https:\/\/linitiative.ca\/International\/wp-json\/wp\/v2\/users\/1740"}],"replies":[{"embeddable":true,"href":"https:\/\/linitiative.ca\/International\/wp-json\/wp\/v2\/comments?post=47257"}],"version-history":[{"count":0,"href":"https:\/\/linitiative.ca\/International\/wp-json\/wp\/v2\/posts\/47257\/revisions"}],"wp:attachment":[{"href":"https:\/\/linitiative.ca\/International\/wp-json\/wp\/v2\/media?parent=47257"}],"wp:term":[{"taxonomy":"category","embeddable":true,"href":"https:\/\/linitiative.ca\/International\/wp-json\/wp\/v2\/categories?post=47257"},{"taxonomy":"post_tag","embeddable":true,"href":"https:\/\/linitiative.ca\/International\/wp-json\/wp\/v2\/tags?post=47257"}],"curies":[{"name":"wp","href":"https:\/\/api.w.org\/{rel}","templated":true}]}}