{"id":47259,"date":"2019-07-19T14:15:00","date_gmt":"2019-07-19T18:15:00","guid":{"rendered":"https:\/\/linitiative.ca\/International\/hadj-2019-le-premier-groupe-de-hadjis-accueilli-a-la-mecque\/"},"modified":"2019-07-19T14:15:00","modified_gmt":"2019-07-19T18:15:00","slug":"hadj-2019-le-premier-groupe-de-hadjis-accueilli-a-la-mecque","status":"publish","type":"post","link":"https:\/\/linitiative.ca\/International\/hadj-2019-le-premier-groupe-de-hadjis-accueilli-a-la-mecque\/","title":{"rendered":"HADJ 2019 : Le premier groupe de hadjis accueilli \u00e0 La Mecque"},"content":{"rendered":"<p><br id=\"sep_para_1\" class=\"sep_para access\"\/><\/p>\n<div id=\"para_1\" class=\"para_32221687 resize\">\n<div class=\"texte access firstletter\">Le premier groupe des hadjis alg\u00e9riens compos\u00e9 de 271 p\u00e8lerins a \u00e9t\u00e9 accueilli, ce jeudi \u00e0 La Mecque, au si\u00e8ge de la Mission du hadj par le pr\u00e9sident du centre de la Mecque, Mohamed Cheikh. La mission accueillera 17.000 hadjis contre 18.000 pour les agences de tourisme, a d\u00e9clar\u00e9 \u00e0 l&rsquo;APS M. Cheikh. 23 h\u00f4tels sont r\u00e9serv\u00e9s pour l&rsquo;h\u00e9bergement des hadjis de la Mission \u00e0 La Mecque, a-t-il indiqu\u00e9, pr\u00e9cisant que la Mission \u00ab\u00a0assure l&rsquo;orientation et la fetwa \u00e0 tous les hadjis, y compris ceux des agences de tourisme\u00a0\u00bb. Concernant les prestations m\u00e9dicales, le responsable a fait savoir que la Mission disposait d&rsquo;un service central \u00e0 l&rsquo;h\u00f4tel \u00ab\u00a0Sa\u00eff El Majd\u00a0\u00bb et de cinq autres antennes m\u00e9dicales.\u00a0<\/div>\n<\/div>\n<p>Auteur: Nadine<br \/>\n<a href=\"https:\/\/www.reflexiondz.net\/HADJ-2019-Le-premier-groupe-de-hadjis-accueilli-a-La-Mecque_a56672.html\">Cliquez ici pour lire l&rsquo;article depuis sa source.<\/a><\/p>\n","protected":false},"excerpt":{"rendered":"<p>Le premier groupe des hadjis alg\u00e9riens compos\u00e9 de 271 p\u00e8lerins a \u00e9t\u00e9 accueilli, ce jeudi \u00e0 La Mecque, au si\u00e8ge de la Mission du hadj par le pr\u00e9sident du centre de la Mecque, Mohamed Cheikh. La mission accueillera 17.000 hadjis contre 18.000 pour les agences de tourisme, a d\u00e9clar\u00e9 \u00e0 l&rsquo;APS M. Cheikh. 23 h\u00f4tels [&hellip;]<\/p>\n","protected":false},"author":1740,"featured_media":0,"comment_status":"closed","ping_status":"closed","sticky":false,"template":"","format":"standard","meta":{"fifu_image_url":"","fifu_image_alt":"","footnotes":""},"categories":[53,76],"tags":[],"class_list":["post-47259","post","type-post","status-publish","format-standard","hentry","category-algerie","category-regions"],"_links":{"self":[{"href":"https:\/\/linitiative.ca\/International\/wp-json\/wp\/v2\/posts\/47259","targetHints":{"allow":["GET"]}}],"collection":[{"href":"https:\/\/linitiative.ca\/International\/wp-json\/wp\/v2\/posts"}],"about":[{"href":"https:\/\/linitiative.ca\/International\/wp-json\/wp\/v2\/types\/post"}],"author":[{"embeddable":true,"href":"https:\/\/linitiative.ca\/International\/wp-json\/wp\/v2\/users\/1740"}],"replies":[{"embeddable":true,"href":"https:\/\/linitiative.ca\/International\/wp-json\/wp\/v2\/comments?post=47259"}],"version-history":[{"count":0,"href":"https:\/\/linitiative.ca\/International\/wp-json\/wp\/v2\/posts\/47259\/revisions"}],"wp:attachment":[{"href":"https:\/\/linitiative.ca\/International\/wp-json\/wp\/v2\/media?parent=47259"}],"wp:term":[{"taxonomy":"category","embeddable":true,"href":"https:\/\/linitiative.ca\/International\/wp-json\/wp\/v2\/categories?post=47259"},{"taxonomy":"post_tag","embeddable":true,"href":"https:\/\/linitiative.ca\/International\/wp-json\/wp\/v2\/tags?post=47259"}],"curies":[{"name":"wp","href":"https:\/\/api.w.org\/{rel}","templated":true}]}}