{"id":47261,"date":"2019-07-19T14:18:00","date_gmt":"2019-07-19T18:18:00","guid":{"rendered":"https:\/\/linitiative.ca\/International\/scandales-a-la-pelle-acte-2\/"},"modified":"2019-07-19T14:18:00","modified_gmt":"2019-07-19T18:18:00","slug":"scandales-a-la-pelle-acte-2","status":"publish","type":"post","link":"https:\/\/linitiative.ca\/International\/scandales-a-la-pelle-acte-2\/","title":{"rendered":"Scandales \u00e0 la pelle, acte 2"},"content":{"rendered":"<p><br id=\"sep_para_1\" class=\"sep_para access\"\/><\/p>\n<div id=\"para_1\" class=\"para_32221717 resize\">\n<div class=\"photo shadow left\"><img decoding=\"async\" class=\"responsive c9\" src=\"https:\/\/www.reflexiondz.net\/photo\/art\/grande\/35744214-32221717.jpg?v=1563561311\" alt=\"Scandales \u00e0 la pelle, acte 2\" title=\"Scandales \u00e0 la pelle, acte 2\"\/><img decoding=\"async\" class=\"not-responsive\" src=\"https:\/\/www.reflexiondz.net\/photo\/art\/default\/35744214-32221717.jpg?v=1563561311\" alt=\"Scandales \u00e0 la pelle, acte 2\" title=\"Scandales \u00e0 la pelle, acte 2\"\/><\/div>\n<div class=\"texte access firstletter\">Moul firma, \u00e9tait invit\u00e9 hier, chez son ami \u00e0 la cit\u00e9 les mandarins (HLM) pour voir ensemble le match final de la CAN. Pein\u00e9 de voir l\u2019\u00e9tat d\u00e9labr\u00e9 de ces immeubles, qui n\u2019ont pas \u00e9t\u00e9 g\u00e2t\u00e9s par une op\u00e9ration de r\u00e9habilition comme ceux du centre-ville, Moul firma, maudit, tous les maires qui se sont succ\u00e9d\u00e9s \u00e0 l\u2019h\u00f4tel de ville, d\u2019avoir d\u00e9laiss\u00e9 cette cit\u00e9, sollicitant Ami Salah de leur r\u00e9server le m\u00eame sort que Amar Ghoul, qui par son emprisonnement vient de donner une double joie au peuple alg\u00e9rien, la joie de la finale de l\u2019\u00e9quipe nationale et la joie de la fin du match du grand brosseur de Boutef, le vieux jeune aux cheveux corbeau. Son ami avec un sourire qui flottait sur ses l\u00e8vres, avance vers la fen\u00eatre du salon et dit \u00e0 Moul firma : tu vois cette grande villa en jaune, l\u00e0 en face avec les deux garages, Eh bien, elle appartient \u00e0 un fonctionnaire de la commune de Mostaganem ! Moul firma, interrompt son interlocuteur pour l\u2019interroger s\u2019il s\u2019agit bien du petit fonctionnaire qui a \u00e9t\u00e9 impliqu\u00e9 dans la scabreuse affaire de la gestion de la commune, le barbu moderniste, qui a \u00e9t\u00e9 limog\u00e9 par l\u2019ancien wali sur fond de scandales de faux permis avant d\u2019\u00eatre r\u00e9habilit\u00e9 par l\u2019actuel maire en poste sup\u00e9rieur ? Effectivement, lui r\u00e9pond son ami, il s&rsquo;agit bel et bien de la personne que tu d\u00e9cris ! D\u2019un sourire forc\u00e9, Moul firma qui s\u2019efforce de cacher sa col\u00e8re, l\u00e2che ses mots : C\u2019est un archi milliardaire qui joue au pauvre malheureux. Alors, je dirais plus, ajoute Moul firma :\u2019\u2019 ce bonhomme, en plus de cette villa, il a deux autres villas, une \u00e0 la cit\u00e9 \u2018\u2019Moucheti\u2019\u2019 et la deuxi\u00e8me \u00e0 c\u00f4t\u00e9 des fourri\u00e8res de la commune \u00e0 Debdeba, ceci sans parler des visites des \u2018\u2019Omra\u2019\u2019 et\u00a0 \u2018\u2019Hadj\u2019\u2019, chaque ann\u00e9e, et les deux entreprises au nom de ses proches\u2019\u2019, mart\u00e8le, Moul firma,\u00a0 avant de couper la parole \u00e0 son ami pour lui demander , comment il a fait tout \u00e7a au vu et au su des autorit\u00e9s locales et des services de s\u00e9curit\u00e9 ? Alors, je vais vous confier un autre secret, r\u00e9pond Moul frima \u00e0 son ami. \u2018\u2019Moul les villas\u2019\u2019, a \u00e9t\u00e9 nomm\u00e9 par le maire au poste de premier administrateur de la commune, sans profil administratif\u00a0 et a plac\u00e9 \u00e9galement, tous les fonctionnaires qui \u00e9taient impliqu\u00e9s dans l\u2019affaire de l\u2019ancien maire, dans des postes cl\u00e9s, charg\u00e9s des affaires des march\u00e9s publics et autres ! Des nominations douteuses ! \u00c7a sent le parfum du miel ! Moul firma, navr\u00e9 par les d\u00e9cisions z\u00e9l\u00e9es du maire Flniste, ne m\u00e2che pas ses mots pour d\u00e9noncer ces fonctionnaires, ayant jou\u00e9 du coude pour se tailler de bonnes places dans le cabinet du maire, \u00e0 commencer par Moul les villas ? Etonn\u00e9 de voir son ami, cachant un petit sourire sur les l\u00e8vres, Moul frima, curieux de savoir ce que dissimule ce sourire hypocrite, il demande \u00e0 son ami le pourquoi de cette attitude curieuse. Son ami lui dit : Ne me dit pas que tu vas raconter les scandales de l\u2019affaire Tahrat ? Moul firma lui r\u00e9pond eh bien tu commences \u00e0 comprendre mon ami, car c\u2019est l\u2019histoire de \u2018\u2019Moul les villas \u2018\u2019 et les 40 voleurs et c\u2019est cette affaire qui cache les secrets des villas, alors\u2026 Wet And See !\u00a0\u00a0\u00a0\u00a0<\/div>\n<\/div>\n<p>Auteur: R\u00e9flexion<br \/>\n<a href=\"https:\/\/www.reflexiondz.net\/Scandales-a-la-pelle-acte-2_a56680.html\">Cliquez ici pour lire l&rsquo;article depuis sa source.<\/a><\/p>\n","protected":false},"excerpt":{"rendered":"<p>Moul firma, \u00e9tait invit\u00e9 hier, chez son ami \u00e0 la cit\u00e9 les mandarins (HLM) pour voir ensemble le match final de la CAN. Pein\u00e9 de voir l\u2019\u00e9tat d\u00e9labr\u00e9 de ces immeubles, qui n\u2019ont pas \u00e9t\u00e9 g\u00e2t\u00e9s par une op\u00e9ration de r\u00e9habilition comme ceux du centre-ville, Moul firma, maudit, tous les maires qui se sont succ\u00e9d\u00e9s [&hellip;]<\/p>\n","protected":false},"author":1740,"featured_media":0,"comment_status":"closed","ping_status":"closed","sticky":false,"template":"","format":"standard","meta":{"fifu_image_url":"","fifu_image_alt":"","footnotes":""},"categories":[53,76],"tags":[],"class_list":["post-47261","post","type-post","status-publish","format-standard","hentry","category-algerie","category-regions"],"_links":{"self":[{"href":"https:\/\/linitiative.ca\/International\/wp-json\/wp\/v2\/posts\/47261","targetHints":{"allow":["GET"]}}],"collection":[{"href":"https:\/\/linitiative.ca\/International\/wp-json\/wp\/v2\/posts"}],"about":[{"href":"https:\/\/linitiative.ca\/International\/wp-json\/wp\/v2\/types\/post"}],"author":[{"embeddable":true,"href":"https:\/\/linitiative.ca\/International\/wp-json\/wp\/v2\/users\/1740"}],"replies":[{"embeddable":true,"href":"https:\/\/linitiative.ca\/International\/wp-json\/wp\/v2\/comments?post=47261"}],"version-history":[{"count":0,"href":"https:\/\/linitiative.ca\/International\/wp-json\/wp\/v2\/posts\/47261\/revisions"}],"wp:attachment":[{"href":"https:\/\/linitiative.ca\/International\/wp-json\/wp\/v2\/media?parent=47261"}],"wp:term":[{"taxonomy":"category","embeddable":true,"href":"https:\/\/linitiative.ca\/International\/wp-json\/wp\/v2\/categories?post=47261"},{"taxonomy":"post_tag","embeddable":true,"href":"https:\/\/linitiative.ca\/International\/wp-json\/wp\/v2\/tags?post=47261"}],"curies":[{"name":"wp","href":"https:\/\/api.w.org\/{rel}","templated":true}]}}