{"id":47262,"date":"2019-07-19T14:18:00","date_gmt":"2019-07-19T18:18:00","guid":{"rendered":"https:\/\/linitiative.ca\/International\/la-tombe-de-kamel-eddine-fekhar-profane\/"},"modified":"2019-07-19T14:18:00","modified_gmt":"2019-07-19T18:18:00","slug":"la-tombe-de-kamel-eddine-fekhar-profane","status":"publish","type":"post","link":"https:\/\/linitiative.ca\/International\/la-tombe-de-kamel-eddine-fekhar-profane\/","title":{"rendered":"La tombe de Kamel-Eddine  Fekhar profan\u00e9"},"content":{"rendered":"<p><br id=\"sep_para_1\" class=\"sep_para access\"\/><\/p>\n<div id=\"para_1\" class=\"para_32221710 resize\">\n<div class=\"texte access firstletter\">La veuve de Kamel-Eddine Fekhar a d\u00e9cid\u00e9, apr\u00e8s consultation de son avocat, de d\u00e9poser plainte suite \u00e0 la profanation de la tombe de son d\u00e9funt mari. Choqu\u00e9e comme de nombreux autres Alg\u00e9riens par cet acte de vandalisme survenu au carr\u00e9 ibadite du tr\u00e8s c\u00e9l\u00e8bre cimeti\u00e8re d\u2019Al-Alia, Zahia Fekhar ne compte donc pas se taire. \u00ab Dans un geste tr\u00e8s audacieux et provocateur, la tombe de mon d\u00e9funt mari Kamel-Eddine Fekhar a \u00e9t\u00e9 soumise \u00e0 une grave attaque et \u00e0 la destruction quasi totale par des inconnus\u00bb, a-t-elle \u00e9crit sur son mur Facebook. La veuve de Kamel-Eddine Fekhar a lanc\u00e9 cette lourde interrogation : \u00abEst-ce que mes enfants et moi devrions envisager de d\u00e9placer les restes de mon mari, Kamel-Eddine Fekhar hors du pays pour qu\u2019il puisse reposer en paix ?\u00bb Cela avant d\u2019assurer que l\u2019avocat de la famille sera charg\u00e9 de \u00abd\u00e9poser une plainte contre le ou les auteurs de ce crime\u00bb.<\/div>\n<\/div>\n<p>Auteur: R\u00e9flexion<br \/>\n<a href=\"https:\/\/www.reflexiondz.net\/La-tombe-de-Kamel-Eddine-Fekhar-profane_a56678.html\">Cliquez ici pour lire l&rsquo;article depuis sa source.<\/a><\/p>\n","protected":false},"excerpt":{"rendered":"<p>La veuve de Kamel-Eddine Fekhar a d\u00e9cid\u00e9, apr\u00e8s consultation de son avocat, de d\u00e9poser plainte suite \u00e0 la profanation de la tombe de son d\u00e9funt mari. Choqu\u00e9e comme de nombreux autres Alg\u00e9riens par cet acte de vandalisme survenu au carr\u00e9 ibadite du tr\u00e8s c\u00e9l\u00e8bre cimeti\u00e8re d\u2019Al-Alia, Zahia Fekhar ne compte donc pas se taire. \u00ab [&hellip;]<\/p>\n","protected":false},"author":1740,"featured_media":0,"comment_status":"closed","ping_status":"closed","sticky":false,"template":"","format":"standard","meta":{"fifu_image_url":"","fifu_image_alt":"","footnotes":""},"categories":[53,76],"tags":[],"class_list":["post-47262","post","type-post","status-publish","format-standard","hentry","category-algerie","category-regions"],"_links":{"self":[{"href":"https:\/\/linitiative.ca\/International\/wp-json\/wp\/v2\/posts\/47262","targetHints":{"allow":["GET"]}}],"collection":[{"href":"https:\/\/linitiative.ca\/International\/wp-json\/wp\/v2\/posts"}],"about":[{"href":"https:\/\/linitiative.ca\/International\/wp-json\/wp\/v2\/types\/post"}],"author":[{"embeddable":true,"href":"https:\/\/linitiative.ca\/International\/wp-json\/wp\/v2\/users\/1740"}],"replies":[{"embeddable":true,"href":"https:\/\/linitiative.ca\/International\/wp-json\/wp\/v2\/comments?post=47262"}],"version-history":[{"count":0,"href":"https:\/\/linitiative.ca\/International\/wp-json\/wp\/v2\/posts\/47262\/revisions"}],"wp:attachment":[{"href":"https:\/\/linitiative.ca\/International\/wp-json\/wp\/v2\/media?parent=47262"}],"wp:term":[{"taxonomy":"category","embeddable":true,"href":"https:\/\/linitiative.ca\/International\/wp-json\/wp\/v2\/categories?post=47262"},{"taxonomy":"post_tag","embeddable":true,"href":"https:\/\/linitiative.ca\/International\/wp-json\/wp\/v2\/tags?post=47262"}],"curies":[{"name":"wp","href":"https:\/\/api.w.org\/{rel}","templated":true}]}}