{"id":47265,"date":"2019-07-19T07:34:00","date_gmt":"2019-07-19T11:34:00","guid":{"rendered":"https:\/\/linitiative.ca\/International\/alger-manif-matinale-face-a-une-maree-bleue\/"},"modified":"2019-07-19T07:34:00","modified_gmt":"2019-07-19T11:34:00","slug":"alger-manif-matinale-face-a-une-maree-bleue","status":"publish","type":"post","link":"https:\/\/linitiative.ca\/International\/alger-manif-matinale-face-a-une-maree-bleue\/","title":{"rendered":"Alger : Manif matinale face \u00e0 une mar\u00e9e bleue"},"content":{"rendered":"<h4 class=\"title-14\"\/>\n<div class=\"featured_image\"><img width=\"960\" height=\"720\" data-cfsrc=\"https:\/\/www.elwatan.com\/wp-content\/uploads\/2019\/07\/alger-ce-matin-1.jpg\" class=\"attachment-post-thumbnail size-post-thumbnail wp-post-image c2\" alt=\"\" srcset=\"https:\/\/www.elwatan.com\/wp-content\/uploads\/2019\/07\/alger-ce-matin-1.jpg 960w, https:\/\/www.elwatan.com\/wp-content\/uploads\/2019\/07\/alger-ce-matin-1-300x225.jpg 300w, https:\/\/www.elwatan.com\/wp-content\/uploads\/2019\/07\/alger-ce-matin-1-768x576.jpg 768w\" sizes=\"(max-width: 960px) 100vw, 960px\"\/><noscript><\/p>\n<p><img loading=\"lazy\" decoding=\"async\" width=\"960\" height=\"720\" src=\"https:\/\/www.elwatan.com\/wp-content\/uploads\/2019\/07\/alger-ce-matin-1.jpg\" class=\"attachment-post-thumbnail size-post-thumbnail wp-post-image\" alt=\"\" srcset=\"https:\/\/www.elwatan.com\/wp-content\/uploads\/2019\/07\/alger-ce-matin-1.jpg 960w, https:\/\/www.elwatan.com\/wp-content\/uploads\/2019\/07\/alger-ce-matin-1-300x225.jpg 300w, https:\/\/www.elwatan.com\/wp-content\/uploads\/2019\/07\/alger-ce-matin-1-768x576.jpg 768w\" sizes=\"auto, (max-width: 960px) 100vw, 960px\"\/><\/p>\n<p><\/noscript> <span class=\"featured-image-caption\">Manif matinale \u00e0 Alger ( 19 juillet 2019). Photo : Farouk D.<\/span><\/div>\n<p>Alger s\u2019est r\u00e9veill\u00e9, ce matin, sous une surveillance polici\u00e8re tr\u00e8s \u00e9troite.<\/p>\n<p>Les quelques centaines de manifestants qui ont entam\u00e9 cette 22<sup>e<\/sup> journ\u00e9e de mobilisation avec les cris de \u00ab\u00a0Etat civil, non militaire\u00a0\u00bb, devraient se sentir minoritaires face la mar\u00e9e bleue des agents et des v\u00e9hicules de police.<\/p>\n<p>Toutefois, les manifestants sont bien d\u00e9cid\u00e9s \u00e0 se faire entendre. Le centre de la capitale, \u00e0 proximit\u00e9 de la FAC centrale, vibre \u00e0 l\u2019heure o\u00f9 nous mettons en ligne, au rythme de \u00ab\u00a0Etat civil, non militaire\u00a0\u00bb, \u00abpas d\u2019\u00e9lections avec les gangs\u00a0\u00bb, \u00ab\u00a0Ulac Smah ( pas de pardon)\u00bb.<\/p>\n<p><iframe loading=\"lazy\" class=\"c8\" src=\"https:\/\/www.facebook.com\/plugins\/video.php?href=https%3A%2F%2Fwww.facebook.com%2Felwatancom%2Fvideos%2F1401878129990561%2F&#038;show_text=0&#038;width=267\" width=\"267\" height=\"476\" frameborder=\"0\" scrolling=\"no\" allowfullscreen=\"allowfullscreen\">[embedded content]<\/iframe><\/p>\n<p>Selon des t\u00e9moins, des manifestants ont \u00e9t\u00e9 interpell\u00e9s pr\u00e8s de la grande Poste.<\/p>\n<p>Les manifestants continuent d\u2019affluer au centre d\u2019Alger, en attendant le d\u00e9but de la <a href=\"https:\/\/www.elwatan.com\/edition\/actualite\/la-solidarite-selargit-18-07-2019\">marche du 22<sup>e<\/sup> vendredi<\/a> pr\u00e9vue \u00e0 partir de 14h00.<\/p>\n<p><span class=\"post-views-label\">Post Views:<\/span> <span class=\"post-views-count\">6\u00a0172<\/span><\/p>\n<p><br class=\"c4\"\/><\/p>\n<p>Auteur: Farouk Djouadi<br \/>\n<a href=\"https:\/\/www.elwatan.com\/edition\/actualite\/alger-manif-matinale-face-a-une-maree-bleue-19-07-2019\">Cliquez ici pour lire l&rsquo;article depuis sa source.<\/a><\/p>\n","protected":false},"excerpt":{"rendered":"<p>Manif matinale \u00e0 Alger ( 19 juillet 2019). Photo : Farouk D. Alger s\u2019est r\u00e9veill\u00e9, ce matin, sous une surveillance polici\u00e8re tr\u00e8s \u00e9troite. Les quelques centaines de manifestants qui ont entam\u00e9 cette 22e journ\u00e9e de mobilisation avec les cris de \u00ab\u00a0Etat civil, non militaire\u00a0\u00bb, devraient se sentir minoritaires face la mar\u00e9e bleue des agents et [&hellip;]<\/p>\n","protected":false},"author":1743,"featured_media":47266,"comment_status":"closed","ping_status":"closed","sticky":false,"template":"","format":"standard","meta":{"fifu_image_url":"","fifu_image_alt":"","footnotes":""},"categories":[73,53],"tags":[],"class_list":["post-47265","post","type-post","status-publish","format-standard","has-post-thumbnail","hentry","category-actualite","category-algerie"],"_links":{"self":[{"href":"https:\/\/linitiative.ca\/International\/wp-json\/wp\/v2\/posts\/47265","targetHints":{"allow":["GET"]}}],"collection":[{"href":"https:\/\/linitiative.ca\/International\/wp-json\/wp\/v2\/posts"}],"about":[{"href":"https:\/\/linitiative.ca\/International\/wp-json\/wp\/v2\/types\/post"}],"author":[{"embeddable":true,"href":"https:\/\/linitiative.ca\/International\/wp-json\/wp\/v2\/users\/1743"}],"replies":[{"embeddable":true,"href":"https:\/\/linitiative.ca\/International\/wp-json\/wp\/v2\/comments?post=47265"}],"version-history":[{"count":0,"href":"https:\/\/linitiative.ca\/International\/wp-json\/wp\/v2\/posts\/47265\/revisions"}],"wp:featuredmedia":[{"embeddable":true,"href":"https:\/\/linitiative.ca\/International\/wp-json\/"}],"wp:attachment":[{"href":"https:\/\/linitiative.ca\/International\/wp-json\/wp\/v2\/media?parent=47265"}],"wp:term":[{"taxonomy":"category","embeddable":true,"href":"https:\/\/linitiative.ca\/International\/wp-json\/wp\/v2\/categories?post=47265"},{"taxonomy":"post_tag","embeddable":true,"href":"https:\/\/linitiative.ca\/International\/wp-json\/wp\/v2\/tags?post=47265"}],"curies":[{"name":"wp","href":"https:\/\/api.w.org\/{rel}","templated":true}]}}