{"id":47273,"date":"2019-07-19T14:03:59","date_gmt":"2019-07-19T18:03:59","guid":{"rendered":"https:\/\/linitiative.ca\/International\/mascara-le-hirak-denonce-le-black-out-mediatique\/"},"modified":"2019-07-19T14:03:59","modified_gmt":"2019-07-19T18:03:59","slug":"mascara-le-hirak-denonce-le-black-out-mediatique","status":"publish","type":"post","link":"https:\/\/linitiative.ca\/International\/mascara-le-hirak-denonce-le-black-out-mediatique\/","title":{"rendered":"Mascara : Le Hirak d\u00e9nonce le black-out m\u00e9diatique"},"content":{"rendered":"<h4 class=\"title-14\"\/>\n<div class=\"featured_image\"><img width=\"1234\" height=\"694\" data-cfsrc=\"https:\/\/www.elwatan.com\/wp-content\/uploads\/2019\/07\/Hirak-\u00e0-Mascara.jpg\" class=\"attachment-post-thumbnail size-post-thumbnail wp-post-image c2\" alt=\"\" srcset=\"https:\/\/www.elwatan.com\/wp-content\/uploads\/2019\/07\/Hirak-\u00e0-Mascara.jpg 1234w, https:\/\/www.elwatan.com\/wp-content\/uploads\/2019\/07\/Hirak-\u00e0-Mascara-300x169.jpg 300w, https:\/\/www.elwatan.com\/wp-content\/uploads\/2019\/07\/Hirak-\u00e0-Mascara-768x432.jpg 768w, https:\/\/www.elwatan.com\/wp-content\/uploads\/2019\/07\/Hirak-\u00e0-Mascara-1024x576.jpg 1024w\" sizes=\"(max-width: 1234px) 100vw, 1234px\"\/><noscript><\/p>\n<p><img loading=\"lazy\" decoding=\"async\" width=\"1234\" height=\"694\" src=\"https:\/\/www.elwatan.com\/wp-content\/uploads\/2019\/07\/Hirak-%C3%A0-Mascara.jpg\" class=\"attachment-post-thumbnail size-post-thumbnail wp-post-image\" alt=\"\" srcset=\"https:\/\/www.elwatan.com\/wp-content\/uploads\/2019\/07\/Hirak-\u00e0-Mascara.jpg 1234w, https:\/\/www.elwatan.com\/wp-content\/uploads\/2019\/07\/Hirak-\u00e0-Mascara-300x169.jpg 300w, https:\/\/www.elwatan.com\/wp-content\/uploads\/2019\/07\/Hirak-\u00e0-Mascara-768x432.jpg 768w, https:\/\/www.elwatan.com\/wp-content\/uploads\/2019\/07\/Hirak-\u00e0-Mascara-1024x576.jpg 1024w\" sizes=\"auto, (max-width: 1234px) 100vw, 1234px\"\/><\/p>\n<p><\/noscript> <span class=\"featured-image-caption\">22e Vendredi de mobilisation \u00e0 Mascara. Photo : Abdelouahab S<\/span><\/div>\n<p><strong>\u00ab<em>Sahafa chiyatine (Journalistes laudateurs)<\/em>\u00bb, \u00ab<em>Sahafat el \u00e2r (M\u00e9dias de la honte)<\/em>\u00bb et \u00abLib\u00e9rez la presse\u00bb, sont parmi les slogans qui ont \u00e9t\u00e9 scand\u00e9s, en ce 22<sup>e<\/sup> Vendredi de mobilisation, dans la ville de Mascara, par des centaines de citoyens, issus de diff\u00e9rentes couches de la soci\u00e9t\u00e9, descendus dans la rue pour r\u00e9it\u00e9rer leur revendication principale\u00a0: \u00ab<em>le d\u00e9part de toute la issaba (bande de voleurs).<\/em>\u00bb<\/strong><\/p>\n<p>Pour la premi\u00e8re fois depuis le d\u00e9but du mouvement populaire, les manifestants observent une longue halte devant la maison de la presse \u00ab<em>Bakhti Benaouda<\/em>\u00bb, \u00e0 proximit\u00e9 de la place \u00c9mir Abdelkader, en plein centre ville de Mascara.<\/p>\n<p>Drap\u00e9s, dans leur majorit\u00e9, de l\u2019embl\u00e8me national, les hirakistes se sentent abandonn\u00e9s et trahis, ont tir\u00e9 \u00e0 boulets rouges sur les m\u00e9dias notamment audiovisuels qui observent le black out sur le hirak \u00e0 Mascara en particulier. \u00ab<em>Sahafa chiyatine (Journalistes laudateurs)<\/em>\u00bb et \u00ab<em>Sahafat el ar (M\u00e9dias de la honte)<\/em>\u00bb ont scand\u00e9 les marcheurs d\u2019une m\u00eame voix.<\/p>\n<p>Les manifestants, en outre, ont affich\u00e9 leur soutien \u00e0 la presse ind\u00e9pendante qui fait face \u00e0 des difficult\u00e9s immenses. Sous les regards des agents en civile des diff\u00e9rents corps de s\u00e9curit\u00e9s, les jeunes et moins jeunes ont scand\u00e9 aussi\u00a0: \u00ab<em>Non \u00e0 la mise \u00e0 mort de la libert\u00e9 de la presse<\/em>\u00bb, \u00ab<em>Non \u00e0 l\u2019assassinat de la presse ind\u00e9pendante<\/em>\u00bb et \u00ab<em>Lib\u00e9rez la presse.<\/em>\u00bb<\/p>\n<p>Des militants du mouvement citoyens \u00e0 Mascara, devant le si\u00e8ge de la maison de la presse, ont tenu \u00e0 manifester leur sympathie au journal <em>El Watan<\/em> apr\u00e8s qu\u2019ils aient appris que l\u2019\u00e9dition d\u2019<em>El Watan Week-end<\/em> cessait, ce 19 juillet, de paraitre. \u00ab<em>Il faut sauvegarder les plumes libres<\/em>\u00bb, lancera Djamel Belleg, un activiste d\u00e9mocrate.<\/p>\n<p>Par ailleurs, l\u2019ex-parti unique \u00e9tait \u00e9galement la cible des manifestants. Devant le si\u00e8ge de la mouhafadha, une halte a \u00e9t\u00e9 aussi observ\u00e9e. \u00ab<em>FLN, RND, d\u00e9gagez<\/em>\u00bb, scandaient\u00a0les militants du hirak. \u00ab<em>Il faut que la bande locale de voleurs rendre des compte au peuple<\/em>\u00bb, lance un sexag\u00e9naire.<\/p>\n<p>Les marcheurs, tout au long du parcours, ont r\u00e9it\u00e9rer leurs principales revendications\u00a0: \u00ab<em>Dawla mdaniya machi askariya (Un \u00c9tat civil, pas militaire)<\/em>\u00bb, \u00ab<em>Dawla chababiya machi chibaniya (Un \u00e9tat compos\u00e9 de jeunes et pas de personnes vieillissantes)<\/em>\u00bb et \u00ab<em>Ech-cha\u00e2b yourid el-istiklal (le peuple veut l\u2019ind\u00e9pendance).<\/em>\u00bb<\/p>\n<p><span class=\"post-views-label\">Post Views:<\/span> <span class=\"post-views-count\">171<\/span><\/p>\n<p><br class=\"c4\"\/><\/p>\n<p>Auteur: Farouk Djouadi<br \/>\n<a href=\"https:\/\/www.elwatan.com\/edition\/actualite\/mascara-le-hirak-denonce-le-black-out-mediatique-19-07-2019\">Cliquez ici pour lire l&rsquo;article depuis sa source.<\/a><\/p>\n","protected":false},"excerpt":{"rendered":"<p>22e Vendredi de mobilisation \u00e0 Mascara. Photo : Abdelouahab S \u00abSahafa chiyatine (Journalistes laudateurs)\u00bb, \u00abSahafat el \u00e2r (M\u00e9dias de la honte)\u00bb et \u00abLib\u00e9rez la presse\u00bb, sont parmi les slogans qui ont \u00e9t\u00e9 scand\u00e9s, en ce 22e Vendredi de mobilisation, dans la ville de Mascara, par des centaines de citoyens, issus de diff\u00e9rentes couches de la [&hellip;]<\/p>\n","protected":false},"author":1743,"featured_media":47274,"comment_status":"closed","ping_status":"closed","sticky":false,"template":"","format":"standard","meta":{"fifu_image_url":"","fifu_image_alt":"","footnotes":""},"categories":[73,53],"tags":[],"class_list":["post-47273","post","type-post","status-publish","format-standard","has-post-thumbnail","hentry","category-actualite","category-algerie"],"_links":{"self":[{"href":"https:\/\/linitiative.ca\/International\/wp-json\/wp\/v2\/posts\/47273","targetHints":{"allow":["GET"]}}],"collection":[{"href":"https:\/\/linitiative.ca\/International\/wp-json\/wp\/v2\/posts"}],"about":[{"href":"https:\/\/linitiative.ca\/International\/wp-json\/wp\/v2\/types\/post"}],"author":[{"embeddable":true,"href":"https:\/\/linitiative.ca\/International\/wp-json\/wp\/v2\/users\/1743"}],"replies":[{"embeddable":true,"href":"https:\/\/linitiative.ca\/International\/wp-json\/wp\/v2\/comments?post=47273"}],"version-history":[{"count":0,"href":"https:\/\/linitiative.ca\/International\/wp-json\/wp\/v2\/posts\/47273\/revisions"}],"wp:featuredmedia":[{"embeddable":true,"href":"https:\/\/linitiative.ca\/International\/wp-json\/"}],"wp:attachment":[{"href":"https:\/\/linitiative.ca\/International\/wp-json\/wp\/v2\/media?parent=47273"}],"wp:term":[{"taxonomy":"category","embeddable":true,"href":"https:\/\/linitiative.ca\/International\/wp-json\/wp\/v2\/categories?post=47273"},{"taxonomy":"post_tag","embeddable":true,"href":"https:\/\/linitiative.ca\/International\/wp-json\/wp\/v2\/tags?post=47273"}],"curies":[{"name":"wp","href":"https:\/\/api.w.org\/{rel}","templated":true}]}}