{"id":47275,"date":"2019-07-18T09:25:00","date_gmt":"2019-07-18T13:25:00","guid":{"rendered":"https:\/\/linitiative.ca\/International\/ou-lon-reparle-de-faire-de-lile-de-chikly-un-espace-culturel-touristique-et-ecologique\/"},"modified":"2019-07-18T09:25:00","modified_gmt":"2019-07-18T13:25:00","slug":"ou-lon-reparle-de-faire-de-lile-de-chikly-un-espace-culturel-touristique-et-ecologique","status":"publish","type":"post","link":"https:\/\/linitiative.ca\/International\/ou-lon-reparle-de-faire-de-lile-de-chikly-un-espace-culturel-touristique-et-ecologique\/","title":{"rendered":"O\u00f9 l&rsquo;on reparle de faire de l&rsquo;ile de Chikly un espace culturel , touristique et \u00e9cologique"},"content":{"rendered":"<p class=\"c2\"><strong>Dans la partie ouest du lac de Tunis qui s\u2019\u00e9tend sur plus de 2 500 ha, \u00e9merge sur 3 ha la petite \u00eele Chikly qui doit son nom \u00e0 Santiago de Chikly, ancien gouverneur espagnol de La Goulette. Au beau milieu de l\u2019\u00eele, se dresse un fort \u00e9difi\u00e9 au XVe si\u00e8cle et restaur\u00e9 par les Espagnols il y a quelques d\u00e9cennies. On avait alors \u00e9voqu\u00e9 la possiblit\u00e9 de transform\u00e9 cette ile en espace culturel et \u00e9cologique. Lors la r\u00e9union qui s&rsquo;est tenue il y a quelques jours sous la pr\u00e9sidence du ministre de l&rsquo;\u00e9quipement et en pr\u00e9sence d&rsquo;une d\u00e9l\u00e9gation de la r\u00e9gion\u00a0 PACA (Provence Alpes C\u00f4te d&rsquo;Azur), on est revenu \u00e0 la charge en\u00a0 \u00e9voquant la possibilit\u00e9 d&rsquo;y introduire\u00a0 l&rsquo;\u00e9nergie photovolta\u00efque et de mettre \u00e0 la disposition des citoyens des moyens de transport pour s&rsquo;y d\u00e9placer. Des mesures qui ne sont pas pour plaire les \u00e9cologistes<br \/><\/strong><\/p>\n<p>Au d\u00e9but du XX<sup>e<\/sup> si\u00e8cle, l\u2019\u00eele Chikly \u00e9tait utilis\u00e9e comme chambre sanitaire, ou lieu de mise en quarantaine pour les navires revenant d\u2019Extr\u00eame-Orient par le Canal de Suez.<\/p>\n<p class=\"c3\">L\u2019\u00eele est rattach\u00e9e au continent par une digue de 11 km, parall\u00e8le \u00e0 la route Tunis-La Goulette, dite TGM, qui d\u00e9bouche sur la localit\u00e9 de Kheireddine. Par cet ouvrage, l\u2019\u00eele constitue le point de retour de l\u2019eau de mer au lac de Tunis qui se renouvelle gr\u00e2ce \u00e0 un syst\u00e8me hydraulique ing\u00e9nieux qui exploite les mar\u00e9es hautes et les mar\u00e9es basses par le canal de Kheireddine reliant le lac \u00e0 la mer.<\/p>\n<p class=\"c3\">Au d\u00e9but des ann\u00e9es 90, l\u2019\u00eele et le fort ont failli tomber dans l\u2019escarcelle des Trabelsi (encore eux) qui voulaient y construire un grand casino, des restaurants haut de gamme et des centres de loisirs pour VIP\u2026<\/p>\n<p class=\"c4\"><img decoding=\"async\" src=\"\/uploads\/FCK_files\/Murail.jpg\" width=\"100%\" vspace=\"5\" hspace=\"5\" align=\"middle\" alt=\"\"\/><\/p>\n<p class=\"c3\">Des \u00e9cologistes, soutenus par des intellectuels et des Tunisiens \u00e0 l\u2019\u00e9tranger, s\u2019y sont farouchement oppos\u00e9s \u00e0 travers des campagnes de presse. Dans une ultime tentative de sauver l\u2019\u00eele, feu Ali El Hili avait insist\u00e9 pour que l\u2019Institut national du patrimoine y fasse des fouilles. Celles-ci avaient abouti \u00e0 la d\u00e9couverte de mosa\u00efques et de vestiges\u00a0 byzantins et romains remontant aux\u00a0 IV\u00e8me et V\u00e8me si\u00e8cles.<\/p>\n<p>La partie est gagn\u00e9e en d\u00e9cembre 1993 lorsque le site est d\u00e9clar\u00e9 patrimoine culturel. Dans le cadre de la coop\u00e9ration espagnole, des \u00e9quipes de l\u2019Institut national du patrimoine et l\u2019universit\u00e9 de Madrid, pr\u00e9sid\u00e9es par le chercheur Fethi Chelbi, avaient entam\u00e9 des travaux de restauration et de valorisation des lieux.<\/p>\n<p class=\"c4\"><img decoding=\"async\" src=\"\/uploads\/FCK_files\/Oiseaux.jpg\" width=\"100%\" vspace=\"5\" hspace=\"5\" align=\"middle\" alt=\"\"\/><\/p>\n<p>Lors du projet de r\u00e9habilitation du fort sur l\u2019\u00eele, les intervenants ont collect\u00e9 plusieurs erreurs sur la soci\u00e9t\u00e9 du lac. En draguant autour de l\u2019\u00eele, elle n\u2019a rien trouv\u00e9 de mieux que de d\u00e9poser les remblais du dragage sur les bords de l\u2019\u00eelot\u00a0 qui se sont trouv\u00e9s sur\u00e9lev\u00e9s par rapport au reste, cr\u00e9ant en hiver un lac int\u00e9rieur, alors qu\u2019il \u00e9tait judicieux d\u2019engraisser le rivage afin d\u2019augmenter la surface de l\u2019\u00eelot. Quant aux arch\u00e9ologues, ils ont proc\u00e9d\u00e9 \u00e0 une op\u00e9ration de nettoyage du site en laissant les remblais sous les murs du fort au lieu de s\u2019en servir pour la construction de l\u2019 \u00eelot \u00e0 c\u00f4t\u00e9 de l\u2019ancien, comme le pr\u00e9voyait le projet de r\u00e9habilitation espagnol.<\/p>\n<p class=\"c4\"><img decoding=\"async\" src=\"\/uploads\/FCK_files\/Oiseaux-1.jpg\" width=\"100%\" vspace=\"5\" hspace=\"5\" align=\"middle\" alt=\"\"\/><\/p>\n<p>Le ma\u00eetre des lieux sur l\u2019\u00eele Chikly est l\u2019aigrette garzette, de la famille des h\u00e9rons, haute de 65 cm, debout sur ses pattes avec 105 cm d\u2019ouverture des ailes, qui se rassemblent pendant la p\u00e9riode nuptiale de fin mars \u00e0 d\u00e9but avril pour la nidification. La population sur Chikly est la troisi\u00e8me plus grande concentration avec 86 couples sur un espace de moins de 200 m2 apr\u00e8s Thyna \u00e0 Sfax et les \u00eeles Kneis.<\/p>\n<p>Cet oiseau fut extermin\u00e9 dans les ann\u00e9es 50, trahi par son aigrette d\u2019o\u00f9 son nom, une longue plume blanche, belle et lisse comme du velours, que les \u00e9l\u00e9gantes de\u00a0 cette \u00e9poque mettaient sur leur chapeau ou sur les revers du col du manteau.<\/p>\n<p>L\u2019\u00eele Chikly \u00e9tait peupl\u00e9e d\u2019oiseaux d\u2019eau, surtout en hiver, mais apr\u00e8s les travaux d\u2019am\u00e9nagement des berges du lac de Tunis, les zones mar\u00e9cageuses ont disparu, et les limicoles qui peuplaient autrefois l\u2019\u00eele et les c\u00f4tes ont d\u00fb choisir d\u2019autres lieux plus hospitaliers pour le nourrissage et l\u2019hivernage.<\/p>\n<p class=\"c5\"><strong>\u00a0Abdelmajid Dabbar<\/strong><\/p>\n<p>Auteur:<br \/>\n<a href=\"https:\/\/www.leaders.com.tn\/article\/27530-l-ile-chikly-sauvee-des-griffes-de-la-famille-trabelsi-par-la-societe-civile\">Cliquez ici pour lire l&rsquo;article depuis sa source.<\/a><\/p>\n","protected":false},"excerpt":{"rendered":"<p>Dans la partie ouest du lac de Tunis qui s\u2019\u00e9tend sur plus de 2 500 ha, \u00e9merge sur 3 ha la petite \u00eele Chikly qui doit son nom \u00e0 Santiago de Chikly, ancien gouverneur espagnol de La Goulette. Au beau milieu de l\u2019\u00eele, se dresse un fort \u00e9difi\u00e9 au XVe si\u00e8cle et restaur\u00e9 par les [&hellip;]<\/p>\n","protected":false},"author":1772,"featured_media":47276,"comment_status":"closed","ping_status":"closed","sticky":false,"template":"","format":"standard","meta":{"fifu_image_url":"","fifu_image_alt":"","footnotes":""},"categories":[73,55],"tags":[],"class_list":["post-47275","post","type-post","status-publish","format-standard","has-post-thumbnail","hentry","category-actualite","category-tunisie"],"_links":{"self":[{"href":"https:\/\/linitiative.ca\/International\/wp-json\/wp\/v2\/posts\/47275","targetHints":{"allow":["GET"]}}],"collection":[{"href":"https:\/\/linitiative.ca\/International\/wp-json\/wp\/v2\/posts"}],"about":[{"href":"https:\/\/linitiative.ca\/International\/wp-json\/wp\/v2\/types\/post"}],"author":[{"embeddable":true,"href":"https:\/\/linitiative.ca\/International\/wp-json\/wp\/v2\/users\/1772"}],"replies":[{"embeddable":true,"href":"https:\/\/linitiative.ca\/International\/wp-json\/wp\/v2\/comments?post=47275"}],"version-history":[{"count":0,"href":"https:\/\/linitiative.ca\/International\/wp-json\/wp\/v2\/posts\/47275\/revisions"}],"wp:featuredmedia":[{"embeddable":true,"href":"https:\/\/linitiative.ca\/International\/wp-json\/"}],"wp:attachment":[{"href":"https:\/\/linitiative.ca\/International\/wp-json\/wp\/v2\/media?parent=47275"}],"wp:term":[{"taxonomy":"category","embeddable":true,"href":"https:\/\/linitiative.ca\/International\/wp-json\/wp\/v2\/categories?post=47275"},{"taxonomy":"post_tag","embeddable":true,"href":"https:\/\/linitiative.ca\/International\/wp-json\/wp\/v2\/tags?post=47275"}],"curies":[{"name":"wp","href":"https:\/\/api.w.org\/{rel}","templated":true}]}}