{"id":47284,"date":"2019-07-19T09:21:00","date_gmt":"2019-07-19T13:21:00","guid":{"rendered":"https:\/\/linitiative.ca\/International\/pourquoi-lugtt-tarde-a-devoiler-son-programme-economique\/"},"modified":"2019-07-19T09:21:00","modified_gmt":"2019-07-19T13:21:00","slug":"pourquoi-lugtt-tarde-a-devoiler-son-programme-economique","status":"publish","type":"post","link":"https:\/\/linitiative.ca\/International\/pourquoi-lugtt-tarde-a-devoiler-son-programme-economique\/","title":{"rendered":"Pourquoi l&rsquo;Ugtt tarde \u00e0 d\u00e9voiler son programme \u00e9conomique ?"},"content":{"rendered":"<p>Lors d\u2019un talk show sur la cha\u00eene El Hiwar Ettounsi, l\u2019un\u00a0 des intervenants a d\u00e9plor\u00e9 qu\u2019aucun parti n\u2019ait jug\u00e9 n\u00e9cessaire d\u2019\u00e9laborer un programme \u00e9conomique digne de ce nom qui pourrait constituer une feuille de route pour le prochain gouvernement \u00e0 quelques moiS. Et de nous annoncer la bonne nouvelle. \u00abL&rsquo;Ugtt est sur le point de nous d\u00e9voiler son programme \u00e9conomique\u00bb \u00ab Ce sera du s\u00e9rieux\u00bb car c&rsquo;est la quintessence des travaux de son centre d&rsquo;\u00e9tudes\u00a0 qui est constitu\u00e9 d\u2019universitaires et de comp\u00e9tences nationales, nous assure-t-il. Il \u00e9tait temps, car il y a belle lurette qu&rsquo;on nous en parle.<\/p>\n<p>La centrale syndicale (en fait Ahmed Ben Salah) avait d\u00e9j\u00e0 \u00e9labor\u00e9 un programme similaire \u00e0 l\u2019aube de l\u2019ind\u00e9pendance o\u00f9 on nous pr\u00e9sentait le coop\u00e9rativisme commme une panac\u00e9e. L&rsquo;invit\u00e9 le cite en exemple, certainement pour nous \u00e9difier sur la claivoyance de l&rsquo;Ugtt. Mais il \u00e9vite de nous parler de ses cons\u00e9quences d\u00e9sastreuses sur l&rsquo;agricuture tunisienne. S&rsquo;il s&rsquo;agit de propositions du m\u00eame acabit, il faut s&rsquo;attendre au pire.<\/p>\n<p>Auteur:<br \/>\n<a href=\"https:\/\/www.leaders.com.tn\/article\/27534-pourquoi-l-ugtt-tarde-a-devoilerson-programme-economique\">Cliquez ici pour lire l&rsquo;article depuis sa source.<\/a><\/p>\n","protected":false},"excerpt":{"rendered":"<p>Lors d\u2019un talk show sur la cha\u00eene El Hiwar Ettounsi, l\u2019un\u00a0 des intervenants a d\u00e9plor\u00e9 qu\u2019aucun parti n\u2019ait jug\u00e9 n\u00e9cessaire d\u2019\u00e9laborer un programme \u00e9conomique digne de ce nom qui pourrait constituer une feuille de route pour le prochain gouvernement \u00e0 quelques moiS. Et de nous annoncer la bonne nouvelle. \u00abL&rsquo;Ugtt est sur le point de [&hellip;]<\/p>\n","protected":false},"author":1772,"featured_media":0,"comment_status":"closed","ping_status":"closed","sticky":false,"template":"","format":"standard","meta":{"fifu_image_url":"","fifu_image_alt":"","footnotes":""},"categories":[73,55],"tags":[],"class_list":["post-47284","post","type-post","status-publish","format-standard","hentry","category-actualite","category-tunisie"],"_links":{"self":[{"href":"https:\/\/linitiative.ca\/International\/wp-json\/wp\/v2\/posts\/47284","targetHints":{"allow":["GET"]}}],"collection":[{"href":"https:\/\/linitiative.ca\/International\/wp-json\/wp\/v2\/posts"}],"about":[{"href":"https:\/\/linitiative.ca\/International\/wp-json\/wp\/v2\/types\/post"}],"author":[{"embeddable":true,"href":"https:\/\/linitiative.ca\/International\/wp-json\/wp\/v2\/users\/1772"}],"replies":[{"embeddable":true,"href":"https:\/\/linitiative.ca\/International\/wp-json\/wp\/v2\/comments?post=47284"}],"version-history":[{"count":0,"href":"https:\/\/linitiative.ca\/International\/wp-json\/wp\/v2\/posts\/47284\/revisions"}],"wp:attachment":[{"href":"https:\/\/linitiative.ca\/International\/wp-json\/wp\/v2\/media?parent=47284"}],"wp:term":[{"taxonomy":"category","embeddable":true,"href":"https:\/\/linitiative.ca\/International\/wp-json\/wp\/v2\/categories?post=47284"},{"taxonomy":"post_tag","embeddable":true,"href":"https:\/\/linitiative.ca\/International\/wp-json\/wp\/v2\/tags?post=47284"}],"curies":[{"name":"wp","href":"https:\/\/api.w.org\/{rel}","templated":true}]}}