{"id":47285,"date":"2019-07-19T10:38:00","date_gmt":"2019-07-19T14:38:00","guid":{"rendered":"https:\/\/linitiative.ca\/International\/les-iles-kuriat-deux-petites-emergences-qui-servent-de-refuges-aux-especes-vulnerables\/"},"modified":"2019-07-19T10:38:00","modified_gmt":"2019-07-19T14:38:00","slug":"les-iles-kuriat-deux-petites-emergences-qui-servent-de-refuges-aux-especes-vulnerables","status":"publish","type":"post","link":"https:\/\/linitiative.ca\/International\/les-iles-kuriat-deux-petites-emergences-qui-servent-de-refuges-aux-especes-vulnerables\/","title":{"rendered":"Les \u00eeles Kuriat, \u00abdeux petites \u00e9mergences\u00bb qui servent de refuges  aux esp\u00e8ces vuln\u00e9rables"},"content":{"rendered":"<p>Les \u00eeles Kuriat sont situ\u00e9es au nord-est du Cap de Monastir, \u00e0 environ 20 km du continent. Ce sont deux petites \u00eeles couvrant 270 ha environ pour Qurya El Kbira, et 50 ha pour Qurya Sghira. Ces petites \u00e9mergences de terre constitu\u00e9es par des gr\u00e9s appartiennent \u00e0 des hauts fonds et occupent une position pseudo-anticlinale au milieu d\u2019un foss\u00e9 combl\u00e9 par une formation s\u00e9dimentaire tr\u00e8s \u00e9paisse. Elles sont caract\u00e9ris\u00e9es par une morphologie plate et basse.<\/p>\n<p><img decoding=\"async\" src=\"\/uploads\/FCK_files\/Kuriat.jpg\" width=\"100%\" vspace=\"5\" hspace=\"5\" align=\"middle\" alt=\"\"\/><\/p>\n<p>Ces \u00eeles constituent une escale migratoire pour une avifaune d\u2019importance internationale, comme le go\u00e9land railleur, class\u00e9 comme esp\u00e8ce vuln\u00e9rable. Elles sont l\u2019un des principaux sites de nidification de la tortue Carettacaretta au sud de la M\u00e9diterran\u00e9e, et de ce fait constituent un \u00e9cosyst\u00e8me vuln\u00e9rable.<\/p>\n<p class=\"c2\"><img decoding=\"async\" src=\"\/uploads\/FCK_files\/Kuriat-1.jpg\" width=\"100%\" vspace=\"5\" hspace=\"5\" align=\"middle\" alt=\"\"\/><\/p>\n<p><strong>Lire aussi<\/strong><\/p>\n<p><a href=\"http:\/\/www.leaders.com.tn\/article\/17505-eternelle-kerkennah\" target=\"_blank\" rel=\"noopener noreferrer\">\u00c9ternelle Kerkennah<\/a><\/p>\n<p><a href=\"http:\/\/www.leaders.com.tn\/article\/17506-kerkennah-naturante-nature\" target=\"_blank\" rel=\"noopener noreferrer\">Kerkennah: Naturante nature<\/a><\/p>\n<p><a href=\"http:\/\/www.leaders.com.tn\/article\/15257-les-iles-kneies-paradis-des-oiseaux-hivernants\" target=\"_blank\" rel=\"noopener noreferrer\">Les \u00eeles Kne\u00efes, paradis des oiseaux hivernants<\/a><\/p>\n<p><a href=\"http:\/\/www.leaders.com.tn\/article\/15243-l-ile-chikly\" target=\"_blank\" rel=\"noopener noreferrer\">L&rsquo;\u00eele Chikly<\/a><\/p>\n<p><a href=\"http:\/\/www.leaders.com.tn\/article\/15242-la-galite-le-point-le-plus-septentrional-d-afrique\" target=\"_blank\" rel=\"noopener noreferrer\">La Galite: le point le plus septentrional d&rsquo;Afrique<\/a><\/p>\n<p><a href=\"http:\/\/www.leaders.com.tn\/article\/15019-djerba-l-ile-aux-sables-d-or\" target=\"_blank\" rel=\"noopener noreferrer\">Djerba: L&rsquo;\u00eele aux sables d&rsquo;or<\/a><\/p>\n<p><a href=\"http:\/\/www.leaders.com.tn\/article\/14802-asfour-le-berger-analphabete-devenu-militant-ecolo-a-zembra\" target=\"_blank\" rel=\"noopener noreferrer\">Asfour: Le berger analphab\u00e8te devenu militant \u00e9colo \u00e0 Zembra<\/a><\/p>\n<p><a href=\"http:\/\/www.leaders.com.tn\/article\/14761-kerkennah-entre-legende-et-realite\" target=\"_blank\" rel=\"noopener noreferrer\">Kerkennah Entre l\u00e9gende et r\u00e9alit\u00e9<\/a><\/p>\n<p><a href=\"http:\/\/www.leaders.com.tn\/article\/14758-pas-moins-de-60-iles-et-ilots-en-tunisie\" target=\"_blank\" rel=\"noopener noreferrer\">Pas moins de 60 \u00eeles et \u00eelots en Tunisie<\/a><\/p>\n<p><a target=\"_blank\" href=\"http:\/\/www.leaders.com.tn\/article\/14714-zembra-bijou-de-la-mediterranee\" rel=\"noopener noreferrer\">Zembra: Bijou de la M\u00e9diterran\u00e9e<\/a><\/p>\n<p><a target=\"_blank\" href=\"http:\/\/www.leaders.com.tn\/article\/14707-ces-merveilleuses-iles-tunisiennes\" rel=\"noopener noreferrer\">Ces merveilleuses \u00eeles tunisiennes<\/a><\/p>\n<p><a target=\"_blank\" href=\"http:\/\/www.leaders.com.tn\/article\/14766-un-circuit-pour-visiter-les-iles-tunisienne\" rel=\"noopener noreferrer\">Le circuit des \u00eeles<\/a><\/p>\n<p>Auteur:<br \/>\n<a href=\"https:\/\/www.leaders.com.tn\/article\/27535-les-iles-kuriat-deux-petites-emergences-qui-servent-de-refuges-aux-especes-vulnerables\">Cliquez ici pour lire l&rsquo;article depuis sa source.<\/a><\/p>\n","protected":false},"excerpt":{"rendered":"<p>Les \u00eeles Kuriat sont situ\u00e9es au nord-est du Cap de Monastir, \u00e0 environ 20 km du continent. Ce sont deux petites \u00eeles couvrant 270 ha environ pour Qurya El Kbira, et 50 ha pour Qurya Sghira. Ces petites \u00e9mergences de terre constitu\u00e9es par des gr\u00e9s appartiennent \u00e0 des hauts fonds et occupent une position pseudo-anticlinale [&hellip;]<\/p>\n","protected":false},"author":1772,"featured_media":47286,"comment_status":"closed","ping_status":"closed","sticky":false,"template":"","format":"standard","meta":{"fifu_image_url":"","fifu_image_alt":"","footnotes":""},"categories":[73,55],"tags":[],"class_list":["post-47285","post","type-post","status-publish","format-standard","has-post-thumbnail","hentry","category-actualite","category-tunisie"],"_links":{"self":[{"href":"https:\/\/linitiative.ca\/International\/wp-json\/wp\/v2\/posts\/47285","targetHints":{"allow":["GET"]}}],"collection":[{"href":"https:\/\/linitiative.ca\/International\/wp-json\/wp\/v2\/posts"}],"about":[{"href":"https:\/\/linitiative.ca\/International\/wp-json\/wp\/v2\/types\/post"}],"author":[{"embeddable":true,"href":"https:\/\/linitiative.ca\/International\/wp-json\/wp\/v2\/users\/1772"}],"replies":[{"embeddable":true,"href":"https:\/\/linitiative.ca\/International\/wp-json\/wp\/v2\/comments?post=47285"}],"version-history":[{"count":0,"href":"https:\/\/linitiative.ca\/International\/wp-json\/wp\/v2\/posts\/47285\/revisions"}],"wp:featuredmedia":[{"embeddable":true,"href":"https:\/\/linitiative.ca\/International\/wp-json\/"}],"wp:attachment":[{"href":"https:\/\/linitiative.ca\/International\/wp-json\/wp\/v2\/media?parent=47285"}],"wp:term":[{"taxonomy":"category","embeddable":true,"href":"https:\/\/linitiative.ca\/International\/wp-json\/wp\/v2\/categories?post=47285"},{"taxonomy":"post_tag","embeddable":true,"href":"https:\/\/linitiative.ca\/International\/wp-json\/wp\/v2\/tags?post=47285"}],"curies":[{"name":"wp","href":"https:\/\/api.w.org\/{rel}","templated":true}]}}