{"id":47292,"date":"2019-07-19T15:02:40","date_gmt":"2019-07-19T19:02:40","guid":{"rendered":"https:\/\/linitiative.ca\/International\/tunisie-bizerte-un-mort-et-trois-blesses-dans-une-attaque-au-couteau-a-ras-jebel\/"},"modified":"2019-07-19T15:02:40","modified_gmt":"2019-07-19T19:02:40","slug":"tunisie-bizerte-un-mort-et-trois-blesses-dans-une-attaque-au-couteau-a-ras-jebel","status":"publish","type":"post","link":"https:\/\/linitiative.ca\/International\/tunisie-bizerte-un-mort-et-trois-blesses-dans-une-attaque-au-couteau-a-ras-jebel\/","title":{"rendered":"Tunisie \u2013 Bizerte\u00a0: Un mort et trois bless\u00e9s dans une attaque au couteau \u00e0 Ras Jebel"},"content":{"rendered":"<div class=\"post-cont-in left relative\">\n<div class=\"swp_social_panel swp_horizontal_panel swp_flat_fresh swp_default_full_color swp_individual_full_color swp_other_full_color scale-100 scale-\" data-min-width=\"1100\" data-float-color=\"#ffffff\" data-float=\"none\" data-float-mobile=\"none\" data-transition=\"slide\">\n<div class=\"nc_tweetContainer swp_share_button total_shares total_sharesalt\"><span class=\"swp_count\">66 <span class=\"swp_label\">Partages<\/span><\/span><\/div>\n<\/div>\n<p>Le minist\u00e8re de l\u2019Int\u00e9rieur vient de publier un communiqu\u00e9 pour annoncer qu\u2019un individu, connu pour \u00eatre malade mental, a attaqu\u00e9 au couteau, quatre citoyens, dans la ville de Ras Jebel. Cette\u00a0agression s\u2019est sold\u00e9e par le d\u00e9c\u00e8s d\u2019une des victimes et des blessures variables chez les trois autres, transf\u00e9r\u00e9es \u00e0 l\u2019h\u00f4pital, pour soins.<\/p>\n<p>Le forcen\u00e9 a \u00e9t\u00e9 ma\u00eetris\u00e9 et pr\u00e9sent\u00e9 au parquet qui a ordonn\u00e9 l\u2019ouverture d\u2019une enqu\u00eate judiciaire.<\/p>\n<div class=\"code-block code-block-1 c3\"><ins class=\"adsbygoogle c2\" data-ad-layout=\"in-article\" data-ad-format=\"fluid\" data-ad-client=\"ca-pub-2102118777505746\" data-ad-slot=\"7301775417\"\/> <\/div>\n<div class=\"mvp-org-wrap mvp-org-logo\" itemprop=\"publisher\" itemscope=\"\" itemtype=\"https:\/\/schema.org\/Organization\"><img decoding=\"async\" src=\"https:\/\/www.tunisienumerique.com\/wp-content\/uploads\/2017\/02\/logo_tunisie_numerique.png\"\/><\/div>\n<div class=\"swp_social_panel swp_horizontal_panel swp_flat_fresh swp_default_full_color swp_individual_full_color swp_other_full_color scale-100 scale-\" data-min-width=\"1100\" data-float-color=\"#ffffff\" data-float=\"none\" data-float-mobile=\"none\" data-transition=\"slide\">\n<div class=\"nc_tweetContainer swp_share_button total_shares total_sharesalt\"><span class=\"swp_count\">66 <span class=\"swp_label\">Partages<\/span><\/span><\/div>\n<\/div>\n<div class=\"mvp-related-posts left relative\">\n<h4 class=\"post-header\"><span class=\"post-header\">Lire aussi<\/span><\/h4>\n<\/div>\n<\/div>\n<p>Auteur: LM<br \/>\n<a href=\"https:\/\/www.tunisienumerique.com\/tunisie-bizerte-un-mort-et-trois-blesses-dans-une-attaque-au-couteau-a-ras-jebel\/\">Cliquez ici pour lire l&rsquo;article depuis sa source.<\/a><\/p>\n","protected":false},"excerpt":{"rendered":"<p>66 Partages Le minist\u00e8re de l\u2019Int\u00e9rieur vient de publier un communiqu\u00e9 pour annoncer qu\u2019un individu, connu pour \u00eatre malade mental, a attaqu\u00e9 au couteau, quatre citoyens, dans la ville de Ras Jebel. Cette\u00a0agression s\u2019est sold\u00e9e par le d\u00e9c\u00e8s d\u2019une des victimes et des blessures variables chez les trois autres, transf\u00e9r\u00e9es \u00e0 l\u2019h\u00f4pital, pour soins. Le [&hellip;]<\/p>\n","protected":false},"author":1789,"featured_media":47293,"comment_status":"closed","ping_status":"closed","sticky":false,"template":"","format":"standard","meta":{"fifu_image_url":"","fifu_image_alt":"","footnotes":""},"categories":[73,55],"tags":[],"class_list":["post-47292","post","type-post","status-publish","format-standard","has-post-thumbnail","hentry","category-actualite","category-tunisie"],"_links":{"self":[{"href":"https:\/\/linitiative.ca\/International\/wp-json\/wp\/v2\/posts\/47292","targetHints":{"allow":["GET"]}}],"collection":[{"href":"https:\/\/linitiative.ca\/International\/wp-json\/wp\/v2\/posts"}],"about":[{"href":"https:\/\/linitiative.ca\/International\/wp-json\/wp\/v2\/types\/post"}],"author":[{"embeddable":true,"href":"https:\/\/linitiative.ca\/International\/wp-json\/wp\/v2\/users\/1789"}],"replies":[{"embeddable":true,"href":"https:\/\/linitiative.ca\/International\/wp-json\/wp\/v2\/comments?post=47292"}],"version-history":[{"count":0,"href":"https:\/\/linitiative.ca\/International\/wp-json\/wp\/v2\/posts\/47292\/revisions"}],"wp:featuredmedia":[{"embeddable":true,"href":"https:\/\/linitiative.ca\/International\/wp-json\/"}],"wp:attachment":[{"href":"https:\/\/linitiative.ca\/International\/wp-json\/wp\/v2\/media?parent=47292"}],"wp:term":[{"taxonomy":"category","embeddable":true,"href":"https:\/\/linitiative.ca\/International\/wp-json\/wp\/v2\/categories?post=47292"},{"taxonomy":"post_tag","embeddable":true,"href":"https:\/\/linitiative.ca\/International\/wp-json\/wp\/v2\/tags?post=47292"}],"curies":[{"name":"wp","href":"https:\/\/api.w.org\/{rel}","templated":true}]}}