{"id":47294,"date":"2019-07-19T15:21:27","date_gmt":"2019-07-19T19:21:27","guid":{"rendered":"https:\/\/linitiative.ca\/International\/tunisie-le-ministere-de-la-sante-reagit-a-la-decision-de-fermeture-du-service-de-neonatologie-a-lhopital-charles-nicolle\/"},"modified":"2019-07-19T15:21:27","modified_gmt":"2019-07-19T19:21:27","slug":"tunisie-le-ministere-de-la-sante-reagit-a-la-decision-de-fermeture-du-service-de-neonatologie-a-lhopital-charles-nicolle","status":"publish","type":"post","link":"https:\/\/linitiative.ca\/International\/tunisie-le-ministere-de-la-sante-reagit-a-la-decision-de-fermeture-du-service-de-neonatologie-a-lhopital-charles-nicolle\/","title":{"rendered":"Tunisie \u2013 Le minist\u00e8re de la Sant\u00e9 r\u00e9agit \u00e0 la d\u00e9cision de fermeture du service de n\u00e9onatologie \u00e0 l\u2019H\u00f4pital Charles Nicolle"},"content":{"rendered":"<div class=\"post-cont-in left relative\">\n<div class=\"swp_social_panel swp_horizontal_panel swp_flat_fresh swp_default_full_color swp_individual_full_color swp_other_full_color scale-100 scale-\" data-min-width=\"1100\" data-float-color=\"#ffffff\" data-float=\"none\" data-float-mobile=\"none\" data-transition=\"slide\">\n<div class=\"nc_tweetContainer swp_share_button total_shares total_sharesalt\"><span class=\"swp_count\">29 <span class=\"swp_label\">Partages<\/span><\/span><\/div>\n<\/div>\n<p>Suite \u00e0 <a href=\"https:\/\/www.tunisienumerique.com\/tunisie-sante-la-cheffe-de-service-de-neonatologie-de-lhopital-charles-nicolle-demande-lautorisation-de-le-fermer\/\">l\u2019article publi\u00e9 par Tunisienumerique<\/a>, jeudi 18 juillet, en rapport avec la d\u00e9cision prise par la cheffe du service de n\u00e9onatologie de l\u2019h\u00f4pital Charles Nicolle, de fermer son service et d\u2019en transf\u00e9rer les malades vers d\u2019autres structures, pour impossibilit\u00e9 de continuer de travailler en l\u2019absence de toutes les conditions requises, aussi bien sur le plan ressources humaines qu\u2019infrastructure ou de respect des disposition d\u2019hygi\u00e8ne.<\/p>\n<p>Le minist\u00e8re de la sant\u00e9 a instantan\u00e9ment r\u00e9agi, en assurant que le dossier soulev\u00e9 par la cheffe de service en question est d\u00e9j\u00e0 en cours de traitement et qu\u2019une autre structure plus adapt\u00e9e, en l\u2019occurrence, un service de r\u00e9animation p\u00e9diatrique, allait \u00eatre mise \u00e0 la disposition du service de n\u00e9onatologie, en attendant l\u2019ach\u00e8vement des travaux du tout nouveau service de n\u00e9onatologie,\u00a0 financ\u00e9 par une ligne italienne, dans ses derni\u00e8res phases et qui constituera le meilleur service de cette sp\u00e9cialit\u00e9 \u00e0 Tunis, avec une importante capacit\u00e9 d\u2019hospitalisation, aussi bien en termes de lits simples, qu\u2019en termes de postes de soins intensifs pour b\u00e9b\u00e9s.<\/p>\n<div class=\"code-block code-block-1 c3\"><ins class=\"adsbygoogle c2\" data-ad-layout=\"in-article\" data-ad-format=\"fluid\" data-ad-client=\"ca-pub-2102118777505746\" data-ad-slot=\"7301775417\"\/> <\/div>\n<p>Par la suite, il y a eu, ce vendredi matin, une \u00e9ni\u00e8me r\u00e9union qui a regroup\u00e9 la cheffe du service avec les hauts responsables du minist\u00e8re qui ont revisit\u00e9 le service et l\u2019ont inspect\u00e9 de fa\u00e7on minutieuse. Suite \u00e0 cette r\u00e9union, la cheffe du service a pr\u00e9f\u00e9r\u00e9 ne pas transf\u00e9rer ses activit\u00e9s dans le service de r\u00e9animation qu\u2019on lui proposait de fa\u00e7on provisoire et un compromis a \u00e9t\u00e9 trouv\u00e9, sur place, pour entreprendre les mesures n\u00e9cessaires afin de s\u2019aligner sur les normes d\u2019hygi\u00e8ne et de st\u00e9rilisation et en renfor\u00e7ant le personnel du service, aussi bien en m\u00e9decins qu\u2019en param\u00e9dicaux. De fa\u00e7on \u00e0 ce que ledit service puisse reprendre ses activit\u00e9s dans des conditions optimales, en attendant le transfert d\u00e9finitif dans le nouveau lieu, en cours d\u2019ach\u00e8vement.<\/p>\n<p>Morale de l\u2019histoire\u00a0: Tout est bien qui finit bien et quand on veut, on peut. C\u2019est dans cette mesure, que le d\u00e9nouement de la situation a \u00e9t\u00e9 possible, quand la cheffe de service a agi, \u00e0 temps, pour attirer l\u2019attention des autorit\u00e9s et quand celles-ci, repr\u00e9sent\u00e9es par Sonia Ben Cheikh, la ministre de la Sant\u00e9 par int\u00e9rim, ont r\u00e9agi au quart de tour, pour chercher et trouver la solution ad\u00e9quate\u00a0afin de\u00a0r\u00e9tablir le travail dans les meilleures conditions et dans les plus brefs d\u00e9lais.<\/p>\n<p>Finalement les gagnants auront \u00e9t\u00e9 les b\u00e9b\u00e9s tunisiens et leurs parents qui vont pouvoir b\u00e9n\u00e9ficier des soins dans de meilleures conditions.<\/p>\n<div class=\"mvp-org-wrap mvp-org-logo\" itemprop=\"publisher\" itemscope=\"\" itemtype=\"https:\/\/schema.org\/Organization\"><img decoding=\"async\" src=\"https:\/\/www.tunisienumerique.com\/wp-content\/uploads\/2017\/02\/logo_tunisie_numerique.png\"\/><\/div>\n<div class=\"swp_social_panel swp_horizontal_panel swp_flat_fresh swp_default_full_color swp_individual_full_color swp_other_full_color scale-100 scale-\" data-min-width=\"1100\" data-float-color=\"#ffffff\" data-float=\"none\" data-float-mobile=\"none\" data-transition=\"slide\">\n<div class=\"nc_tweetContainer swp_share_button total_shares total_sharesalt\"><span class=\"swp_count\">29 <span class=\"swp_label\">Partages<\/span><\/span><\/div>\n<\/div>\n<div class=\"mvp-related-posts left relative\">\n<h4 class=\"post-header\"><span class=\"post-header\">Lire aussi<\/span><\/h4>\n<\/div>\n<\/div>\n<p>Auteur: LM<br \/>\n<a href=\"https:\/\/www.tunisienumerique.com\/tunisie-le-ministere-de-la-sante-reagit-a-la-decision-de-fermeture-du-service-de-neonatologie-a-lhopital-charles-nicolle\/\">Cliquez ici pour lire l&rsquo;article depuis sa source.<\/a><\/p>\n","protected":false},"excerpt":{"rendered":"<p>29 Partages Suite \u00e0 l\u2019article publi\u00e9 par Tunisienumerique, jeudi 18 juillet, en rapport avec la d\u00e9cision prise par la cheffe du service de n\u00e9onatologie de l\u2019h\u00f4pital Charles Nicolle, de fermer son service et d\u2019en transf\u00e9rer les malades vers d\u2019autres structures, pour impossibilit\u00e9 de continuer de travailler en l\u2019absence de toutes les conditions requises, aussi bien [&hellip;]<\/p>\n","protected":false},"author":1789,"featured_media":47295,"comment_status":"closed","ping_status":"closed","sticky":false,"template":"","format":"standard","meta":{"fifu_image_url":"","fifu_image_alt":"","footnotes":""},"categories":[73,55],"tags":[],"class_list":["post-47294","post","type-post","status-publish","format-standard","has-post-thumbnail","hentry","category-actualite","category-tunisie"],"_links":{"self":[{"href":"https:\/\/linitiative.ca\/International\/wp-json\/wp\/v2\/posts\/47294","targetHints":{"allow":["GET"]}}],"collection":[{"href":"https:\/\/linitiative.ca\/International\/wp-json\/wp\/v2\/posts"}],"about":[{"href":"https:\/\/linitiative.ca\/International\/wp-json\/wp\/v2\/types\/post"}],"author":[{"embeddable":true,"href":"https:\/\/linitiative.ca\/International\/wp-json\/wp\/v2\/users\/1789"}],"replies":[{"embeddable":true,"href":"https:\/\/linitiative.ca\/International\/wp-json\/wp\/v2\/comments?post=47294"}],"version-history":[{"count":0,"href":"https:\/\/linitiative.ca\/International\/wp-json\/wp\/v2\/posts\/47294\/revisions"}],"wp:featuredmedia":[{"embeddable":true,"href":"https:\/\/linitiative.ca\/International\/wp-json\/"}],"wp:attachment":[{"href":"https:\/\/linitiative.ca\/International\/wp-json\/wp\/v2\/media?parent=47294"}],"wp:term":[{"taxonomy":"category","embeddable":true,"href":"https:\/\/linitiative.ca\/International\/wp-json\/wp\/v2\/categories?post=47294"},{"taxonomy":"post_tag","embeddable":true,"href":"https:\/\/linitiative.ca\/International\/wp-json\/wp\/v2\/tags?post=47294"}],"curies":[{"name":"wp","href":"https:\/\/api.w.org\/{rel}","templated":true}]}}