{"id":47300,"date":"2019-07-19T16:14:19","date_gmt":"2019-07-19T20:14:19","guid":{"rendered":"https:\/\/linitiative.ca\/International\/tunisie-sidi-bouzid-un-bebe-enleve-la-nuit-derniere-retrouve-abandonne-dans-une-ferme-voisine\/"},"modified":"2019-07-19T16:14:19","modified_gmt":"2019-07-19T20:14:19","slug":"tunisie-sidi-bouzid-un-bebe-enleve-la-nuit-derniere-retrouve-abandonne-dans-une-ferme-voisine","status":"publish","type":"post","link":"https:\/\/linitiative.ca\/International\/tunisie-sidi-bouzid-un-bebe-enleve-la-nuit-derniere-retrouve-abandonne-dans-une-ferme-voisine\/","title":{"rendered":"Tunisie \u2013 Sidi Bouzid\u00a0: Un b\u00e9b\u00e9 enlev\u00e9 la nuit derni\u00e8re, retrouv\u00e9 abandonn\u00e9 dans une ferme voisine"},"content":{"rendered":"<div class=\"post-cont-in left relative\">\n<div class=\"swp_social_panel swp_horizontal_panel swp_flat_fresh swp_default_full_color swp_individual_full_color swp_other_full_color scale-100 scale-\" data-min-width=\"1100\" data-float-color=\"#ffffff\" data-float=\"none\" data-float-mobile=\"none\" data-transition=\"slide\">\n<div class=\"nc_tweetContainer swp_share_button total_shares total_sharesalt\"><span class=\"swp_count\">11 <span class=\"swp_label\">Partages<\/span><\/span><\/div>\n<\/div>\n<p>Les autorit\u00e9s s\u00e9curitaires de Sidi Bouzid ont r\u00e9ussi \u00e0 retrouver un nouveau n\u00e9, enlev\u00e9 de la maison familiale, la veille.<\/p>\n<p>Il a \u00e9t\u00e9 retrouv\u00e9 abandonn\u00e9 sous un olivier, dans une ferme voisine de la maison paternelle.<\/p>\n<div class=\"code-block code-block-1 c3\"><ins class=\"adsbygoogle c2\" data-ad-layout=\"in-article\" data-ad-format=\"fluid\" data-ad-client=\"ca-pub-2102118777505746\" data-ad-slot=\"7301775417\"\/> <\/div>\n<p>Le parquet de Sidi Bouzid a ordonn\u00e9 une enqu\u00eate pour d\u00e9terminer les parties impliqu\u00e9s dans cet enl\u00e8vement.<\/p>\n<div class=\"mvp-org-wrap mvp-org-logo\" itemprop=\"publisher\" itemscope=\"\" itemtype=\"https:\/\/schema.org\/Organization\"><img decoding=\"async\" src=\"https:\/\/www.tunisienumerique.com\/wp-content\/uploads\/2017\/02\/logo_tunisie_numerique.png\"\/><\/div>\n<div class=\"swp_social_panel swp_horizontal_panel swp_flat_fresh swp_default_full_color swp_individual_full_color swp_other_full_color scale-100 scale-\" data-min-width=\"1100\" data-float-color=\"#ffffff\" data-float=\"none\" data-float-mobile=\"none\" data-transition=\"slide\">\n<div class=\"nc_tweetContainer swp_share_button total_shares total_sharesalt\"><span class=\"swp_count\">11 <span class=\"swp_label\">Partages<\/span><\/span><\/div>\n<\/div>\n<div class=\"mvp-related-posts left relative\">\n<h4 class=\"post-header\"><span class=\"post-header\">Lire aussi<\/span><\/h4>\n<\/div>\n<\/div>\n<p>Auteur: LM<br \/>\n<a href=\"https:\/\/www.tunisienumerique.com\/tunisie-sidi-bouzid-un-bebe-enleve-la-nuit-derniere-retrouve-abandonne-dans-une-ferme-voisine\/\">Cliquez ici pour lire l&rsquo;article depuis sa source.<\/a><\/p>\n","protected":false},"excerpt":{"rendered":"<p>11 Partages Les autorit\u00e9s s\u00e9curitaires de Sidi Bouzid ont r\u00e9ussi \u00e0 retrouver un nouveau n\u00e9, enlev\u00e9 de la maison familiale, la veille. Il a \u00e9t\u00e9 retrouv\u00e9 abandonn\u00e9 sous un olivier, dans une ferme voisine de la maison paternelle. Le parquet de Sidi Bouzid a ordonn\u00e9 une enqu\u00eate pour d\u00e9terminer les parties impliqu\u00e9s dans cet enl\u00e8vement. [&hellip;]<\/p>\n","protected":false},"author":1789,"featured_media":47301,"comment_status":"closed","ping_status":"closed","sticky":false,"template":"","format":"standard","meta":{"fifu_image_url":"","fifu_image_alt":"","footnotes":""},"categories":[73,55],"tags":[],"class_list":["post-47300","post","type-post","status-publish","format-standard","has-post-thumbnail","hentry","category-actualite","category-tunisie"],"_links":{"self":[{"href":"https:\/\/linitiative.ca\/International\/wp-json\/wp\/v2\/posts\/47300","targetHints":{"allow":["GET"]}}],"collection":[{"href":"https:\/\/linitiative.ca\/International\/wp-json\/wp\/v2\/posts"}],"about":[{"href":"https:\/\/linitiative.ca\/International\/wp-json\/wp\/v2\/types\/post"}],"author":[{"embeddable":true,"href":"https:\/\/linitiative.ca\/International\/wp-json\/wp\/v2\/users\/1789"}],"replies":[{"embeddable":true,"href":"https:\/\/linitiative.ca\/International\/wp-json\/wp\/v2\/comments?post=47300"}],"version-history":[{"count":0,"href":"https:\/\/linitiative.ca\/International\/wp-json\/wp\/v2\/posts\/47300\/revisions"}],"wp:featuredmedia":[{"embeddable":true,"href":"https:\/\/linitiative.ca\/International\/wp-json\/"}],"wp:attachment":[{"href":"https:\/\/linitiative.ca\/International\/wp-json\/wp\/v2\/media?parent=47300"}],"wp:term":[{"taxonomy":"category","embeddable":true,"href":"https:\/\/linitiative.ca\/International\/wp-json\/wp\/v2\/categories?post=47300"},{"taxonomy":"post_tag","embeddable":true,"href":"https:\/\/linitiative.ca\/International\/wp-json\/wp\/v2\/tags?post=47300"}],"curies":[{"name":"wp","href":"https:\/\/api.w.org\/{rel}","templated":true}]}}