{"id":47302,"date":"2019-07-19T16:32:42","date_gmt":"2019-07-19T20:32:42","guid":{"rendered":"https:\/\/linitiative.ca\/International\/tunisie-nabeul-une-parturiente-venue-accoucher-decede-a-lhopital\/"},"modified":"2019-07-19T16:32:42","modified_gmt":"2019-07-19T20:32:42","slug":"tunisie-nabeul-une-parturiente-venue-accoucher-decede-a-lhopital","status":"publish","type":"post","link":"https:\/\/linitiative.ca\/International\/tunisie-nabeul-une-parturiente-venue-accoucher-decede-a-lhopital\/","title":{"rendered":"Tunisie \u2013 Nabeul\u00a0: Une parturiente venue accoucher d\u00e9c\u00e8de \u00e0 l\u2019h\u00f4pital"},"content":{"rendered":"<div class=\"post-cont-in left relative\">\n<div class=\"swp_social_panel swp_horizontal_panel swp_flat_fresh swp_default_full_color swp_individual_full_color swp_other_full_color scale-100 scale-\" data-min-width=\"1100\" data-float-color=\"#ffffff\" data-float=\"none\" data-float-mobile=\"none\" data-transition=\"slide\">\n<div class=\"nc_tweetContainer swp_share_button total_shares total_sharesalt\"><span class=\"swp_count\">9 <span class=\"swp_label\">Partages<\/span><\/span><\/div>\n<\/div>\n<p>Une femme est d\u00e9c\u00e9d\u00e9e, ce vendredi, \u00e0 la maternit\u00e9 de l\u2019h\u00f4pital Mohamed Tlatli, \u00e0 Nabeul o\u00f9 elle avait \u00e9t\u00e9 admise pour accoucher.<\/p>\n<p>La d\u00e9pouille de la d\u00e9funte a \u00e9t\u00e9 transf\u00e9r\u00e9e au service de m\u00e9decine m\u00e9dico-l\u00e9gale de l\u2019h\u00f4pital Taher Ma\u00e2mouri, pour y \u00eatre autopsi\u00e9e.<\/p>\n<div class=\"code-block code-block-1 c3\"><ins class=\"adsbygoogle c2\" data-ad-layout=\"in-article\" data-ad-format=\"fluid\" data-ad-client=\"ca-pub-2102118777505746\" data-ad-slot=\"7301775417\"\/> <\/div>\n<p>Selon les d\u00e9clarations du directeur r\u00e9gional de la sant\u00e9, la patiente est d\u00e9c\u00e9d\u00e9e des suites d\u2019une d\u00e9faillance cardiaque et qu\u2019elle \u00e9tait porteuse d\u2019une maladie du coeur, ainsi que d\u2019une d\u00e9faillance h\u00e9patique. Il a ajout\u00e9 que cette femme n\u2019a jamais \u00e9t\u00e9 suivie au cours de son actuelle grossesse.<\/p>\n<div class=\"mvp-org-wrap mvp-org-logo\" itemprop=\"publisher\" itemscope=\"\" itemtype=\"https:\/\/schema.org\/Organization\"><img decoding=\"async\" src=\"https:\/\/www.tunisienumerique.com\/wp-content\/uploads\/2017\/02\/logo_tunisie_numerique.png\"\/><\/div>\n<div class=\"swp_social_panel swp_horizontal_panel swp_flat_fresh swp_default_full_color swp_individual_full_color swp_other_full_color scale-100 scale-\" data-min-width=\"1100\" data-float-color=\"#ffffff\" data-float=\"none\" data-float-mobile=\"none\" data-transition=\"slide\">\n<div class=\"nc_tweetContainer swp_share_button total_shares total_sharesalt\"><span class=\"swp_count\">9 <span class=\"swp_label\">Partages<\/span><\/span><\/div>\n<\/div>\n<div class=\"mvp-related-posts left relative\">\n<h4 class=\"post-header\"><span class=\"post-header\">Lire aussi<\/span><\/h4>\n<\/div>\n<\/div>\n<p>Auteur: LM<br \/>\n<a href=\"https:\/\/www.tunisienumerique.com\/tunisie-nabeul-une-parturiente-venue-accoucher-decede-a-lhopital\/\">Cliquez ici pour lire l&rsquo;article depuis sa source.<\/a><\/p>\n","protected":false},"excerpt":{"rendered":"<p>9 Partages Une femme est d\u00e9c\u00e9d\u00e9e, ce vendredi, \u00e0 la maternit\u00e9 de l\u2019h\u00f4pital Mohamed Tlatli, \u00e0 Nabeul o\u00f9 elle avait \u00e9t\u00e9 admise pour accoucher. La d\u00e9pouille de la d\u00e9funte a \u00e9t\u00e9 transf\u00e9r\u00e9e au service de m\u00e9decine m\u00e9dico-l\u00e9gale de l\u2019h\u00f4pital Taher Ma\u00e2mouri, pour y \u00eatre autopsi\u00e9e. Selon les d\u00e9clarations du directeur r\u00e9gional de la sant\u00e9, la [&hellip;]<\/p>\n","protected":false},"author":1789,"featured_media":47303,"comment_status":"closed","ping_status":"closed","sticky":false,"template":"","format":"standard","meta":{"fifu_image_url":"","fifu_image_alt":"","footnotes":""},"categories":[73,55],"tags":[],"class_list":["post-47302","post","type-post","status-publish","format-standard","has-post-thumbnail","hentry","category-actualite","category-tunisie"],"_links":{"self":[{"href":"https:\/\/linitiative.ca\/International\/wp-json\/wp\/v2\/posts\/47302","targetHints":{"allow":["GET"]}}],"collection":[{"href":"https:\/\/linitiative.ca\/International\/wp-json\/wp\/v2\/posts"}],"about":[{"href":"https:\/\/linitiative.ca\/International\/wp-json\/wp\/v2\/types\/post"}],"author":[{"embeddable":true,"href":"https:\/\/linitiative.ca\/International\/wp-json\/wp\/v2\/users\/1789"}],"replies":[{"embeddable":true,"href":"https:\/\/linitiative.ca\/International\/wp-json\/wp\/v2\/comments?post=47302"}],"version-history":[{"count":0,"href":"https:\/\/linitiative.ca\/International\/wp-json\/wp\/v2\/posts\/47302\/revisions"}],"wp:featuredmedia":[{"embeddable":true,"href":"https:\/\/linitiative.ca\/International\/wp-json\/"}],"wp:attachment":[{"href":"https:\/\/linitiative.ca\/International\/wp-json\/wp\/v2\/media?parent=47302"}],"wp:term":[{"taxonomy":"category","embeddable":true,"href":"https:\/\/linitiative.ca\/International\/wp-json\/wp\/v2\/categories?post=47302"},{"taxonomy":"post_tag","embeddable":true,"href":"https:\/\/linitiative.ca\/International\/wp-json\/wp\/v2\/tags?post=47302"}],"curies":[{"name":"wp","href":"https:\/\/api.w.org\/{rel}","templated":true}]}}