{"id":47304,"date":"2019-07-19T16:53:11","date_gmt":"2019-07-19T20:53:11","guid":{"rendered":"https:\/\/linitiative.ca\/International\/tunisie-kairouan-deces-dun-deuxieme-berger-par-la-foudre\/"},"modified":"2019-07-19T16:53:11","modified_gmt":"2019-07-19T20:53:11","slug":"tunisie-kairouan-deces-dun-deuxieme-berger-par-la-foudre","status":"publish","type":"post","link":"https:\/\/linitiative.ca\/International\/tunisie-kairouan-deces-dun-deuxieme-berger-par-la-foudre\/","title":{"rendered":"Tunisie \u2013 Kairouan\u00a0: D\u00e9c\u00e8s d\u2019un deuxi\u00e8me berger par la foudre"},"content":{"rendered":"<div class=\"post-cont-in left relative\">\n<div class=\"swp_social_panel swp_horizontal_panel swp_flat_fresh swp_default_full_color swp_individual_full_color swp_other_full_color scale-100 scale-\" data-min-width=\"1100\" data-float-color=\"#ffffff\" data-float=\"none\" data-float-mobile=\"none\" data-transition=\"slide\">\n<div class=\"nc_tweetContainer swp_share_button total_shares total_sharesalt\"><span class=\"swp_count\">18 <span class=\"swp_label\">Partages<\/span><\/span><\/div>\n<\/div>\n<p>Un berger est d\u00e9c\u00e9d\u00e9 apr\u00e8s avoir \u00e9t\u00e9 frapp\u00e9 par la foudre, lors d\u2019un orage, dans la localit\u00e9 de Sebikha,\u00a0\u00e0 Kairouan.<\/p>\n<p>Il s\u2019agit du deuxi\u00e8me cas, en l\u2019espace de quelques jours, suite au d\u00e9c\u00e8s d\u2019un premier berger, dans des circonstances identiques, dans la r\u00e9gion de Bouhajla.<\/p>\n<div class=\"code-block code-block-1 c3\"><ins class=\"adsbygoogle c2\" data-ad-layout=\"in-article\" data-ad-format=\"fluid\" data-ad-client=\"ca-pub-2102118777505746\" data-ad-slot=\"7301775417\"\/> <\/div>\n<div class=\"mvp-org-wrap mvp-org-logo\" itemprop=\"publisher\" itemscope=\"\" itemtype=\"https:\/\/schema.org\/Organization\"><img decoding=\"async\" src=\"https:\/\/www.tunisienumerique.com\/wp-content\/uploads\/2017\/02\/logo_tunisie_numerique.png\"\/><\/div>\n<div class=\"swp_social_panel swp_horizontal_panel swp_flat_fresh swp_default_full_color swp_individual_full_color swp_other_full_color scale-100 scale-\" data-min-width=\"1100\" data-float-color=\"#ffffff\" data-float=\"none\" data-float-mobile=\"none\" data-transition=\"slide\">\n<div class=\"nc_tweetContainer swp_share_button total_shares total_sharesalt\"><span class=\"swp_count\">18 <span class=\"swp_label\">Partages<\/span><\/span><\/div>\n<\/div>\n<div class=\"mvp-related-posts left relative\">\n<h4 class=\"post-header\"><span class=\"post-header\">Lire aussi<\/span><\/h4>\n<\/div>\n<\/div>\n<p>Auteur: LM<br \/>\n<a href=\"https:\/\/www.tunisienumerique.com\/tunisie-kairouan-deces-dun-deuxieme-berger-par-la-foudre\/\">Cliquez ici pour lire l&rsquo;article depuis sa source.<\/a><\/p>\n","protected":false},"excerpt":{"rendered":"<p>18 Partages Un berger est d\u00e9c\u00e9d\u00e9 apr\u00e8s avoir \u00e9t\u00e9 frapp\u00e9 par la foudre, lors d\u2019un orage, dans la localit\u00e9 de Sebikha,\u00a0\u00e0 Kairouan. Il s\u2019agit du deuxi\u00e8me cas, en l\u2019espace de quelques jours, suite au d\u00e9c\u00e8s d\u2019un premier berger, dans des circonstances identiques, dans la r\u00e9gion de Bouhajla. 18 Partages Lire aussi Auteur: LM Cliquez ici [&hellip;]<\/p>\n","protected":false},"author":1789,"featured_media":47305,"comment_status":"closed","ping_status":"closed","sticky":false,"template":"","format":"standard","meta":{"fifu_image_url":"","fifu_image_alt":"","footnotes":""},"categories":[73,55],"tags":[],"class_list":["post-47304","post","type-post","status-publish","format-standard","has-post-thumbnail","hentry","category-actualite","category-tunisie"],"_links":{"self":[{"href":"https:\/\/linitiative.ca\/International\/wp-json\/wp\/v2\/posts\/47304","targetHints":{"allow":["GET"]}}],"collection":[{"href":"https:\/\/linitiative.ca\/International\/wp-json\/wp\/v2\/posts"}],"about":[{"href":"https:\/\/linitiative.ca\/International\/wp-json\/wp\/v2\/types\/post"}],"author":[{"embeddable":true,"href":"https:\/\/linitiative.ca\/International\/wp-json\/wp\/v2\/users\/1789"}],"replies":[{"embeddable":true,"href":"https:\/\/linitiative.ca\/International\/wp-json\/wp\/v2\/comments?post=47304"}],"version-history":[{"count":0,"href":"https:\/\/linitiative.ca\/International\/wp-json\/wp\/v2\/posts\/47304\/revisions"}],"wp:featuredmedia":[{"embeddable":true,"href":"https:\/\/linitiative.ca\/International\/wp-json\/"}],"wp:attachment":[{"href":"https:\/\/linitiative.ca\/International\/wp-json\/wp\/v2\/media?parent=47304"}],"wp:term":[{"taxonomy":"category","embeddable":true,"href":"https:\/\/linitiative.ca\/International\/wp-json\/wp\/v2\/categories?post=47304"},{"taxonomy":"post_tag","embeddable":true,"href":"https:\/\/linitiative.ca\/International\/wp-json\/wp\/v2\/tags?post=47304"}],"curies":[{"name":"wp","href":"https:\/\/api.w.org\/{rel}","templated":true}]}}