{"id":47306,"date":"2019-07-19T16:53:42","date_gmt":"2019-07-19T20:53:42","guid":{"rendered":"https:\/\/linitiative.ca\/International\/can-2019-lalgerie-remporte-sa-deuxieme-etoile\/"},"modified":"2019-07-19T16:53:42","modified_gmt":"2019-07-19T20:53:42","slug":"can-2019-lalgerie-remporte-sa-deuxieme-etoile","status":"publish","type":"post","link":"https:\/\/linitiative.ca\/International\/can-2019-lalgerie-remporte-sa-deuxieme-etoile\/","title":{"rendered":"CAN 2019 : L\u2019Alg\u00e9rie remporte sa deuxi\u00e8me \u00e9toile"},"content":{"rendered":"<div class=\"nc_socialPanel swp_flatFresh swp_d_fullColor swp_i_fullColor swp_o_fullColor scale-100 scale-fullWidth\" data-position=\"none\" data-float=\"floatNone\" data-count=\"5\" data-floatcolor=\"#ffffff\" data-emphasize=\"0\">\n<div class=\"nc_tweetContainer totes totesalt\" data-id=\"6\"><span class=\"swp_count\"><span class=\"swp_label\">Partages<\/span> 0<\/span><\/div>\n<\/div>\n<p dir=\"ltr\">Les Alg\u00e9riens ont remport\u00e9 ce soir la Coupe d\u2019Afrique apr\u00e8s avoir domin\u00e9 le S\u00e9n\u00e9gal en finale de la comp\u00e9tition (1-0).<\/p>\n<p dir=\"ltr\">Auteurs d\u2019une belle prestation durant cette CAN, les fennecs ont parfaitement conclu leur\u00a0apparition continentale.<\/p>\n<div class=\"code-block code-block-1 c4\"><ins class=\"adsbygoogle c3\" data-ad-layout=\"in-article\" data-ad-format=\"fluid\" data-ad-client=\"ca-pub-2102118777505746\" data-ad-slot=\"7301775417\"\/> <\/div>\n<p dir=\"ltr\">Auteur d\u2019une\u00a0incroyable d\u00e9but de match, la s\u00e9lection alg\u00e9rienne\u00a0a\u00a0ouvert le score d\u00e8s la deuxi\u00e8me minute par Bounedjah qui a d\u00e9clench\u00e9 une frappe enroul\u00e9e, contr\u00e9e par San\u00e9 alors que le gardien du S\u00e9n\u00e9gal n\u2019a pas r\u00e9agi et a vu la balle finir dans son proprefilet.<\/p>\n<p dir=\"ltr\">Les Alg\u00e9riens viennent de remporter leur deuxi\u00e8me titre continental apr\u00e8s\u00a0avoir \u00e9t\u00e9\u00a0couronn\u00e9s champions d\u2019Afrique en 1990.<\/p>\n<div class=\"mvp-org-wrap mvp-org-logo\" itemprop=\"publisher\" itemscope=\"\" itemtype=\"https:\/\/schema.org\/Organization\"><img decoding=\"async\" src=\"https:\/\/sport.tunisienumerique.com\/wp-content\/uploads\/2017\/05\/logo_tunisie_numerique.png\"\/><\/div>\n<div class=\"nc_socialPanel swp_flatFresh swp_d_fullColor swp_i_fullColor swp_o_fullColor scale-100 scale-fullWidth\" data-position=\"none\" data-float=\"floatNone\" data-count=\"5\" data-floatcolor=\"#ffffff\" data-emphasize=\"0\">\n<div class=\"nc_tweetContainer totes totesalt\" data-id=\"6\"><span class=\"swp_count\"><span class=\"swp_label\">Partages<\/span> 0<\/span><\/div>\n<\/div>\n<div class=\"mvp-related-posts left relative\">\n<h4 class=\"post-header\"><span class=\"post-header\">Lire aussi<\/span><\/h4>\n<\/div>\n<p>Auteur: a.<br \/>\n<a href=\"https:\/\/sport.tunisienumerique.com\/can-2019-lalgerie-remporte-deuxieme-etoile\/\">Cliquez ici pour lire l&rsquo;article depuis sa source.<\/a><\/p>\n","protected":false},"excerpt":{"rendered":"<p>Partages 0 Les Alg\u00e9riens ont remport\u00e9 ce soir la Coupe d\u2019Afrique apr\u00e8s avoir domin\u00e9 le S\u00e9n\u00e9gal en finale de la comp\u00e9tition (1-0). Auteurs d\u2019une belle prestation durant cette CAN, les fennecs ont parfaitement conclu leur\u00a0apparition continentale. Auteur d\u2019une\u00a0incroyable d\u00e9but de match, la s\u00e9lection alg\u00e9rienne\u00a0a\u00a0ouvert le score d\u00e8s la deuxi\u00e8me minute par Bounedjah qui a d\u00e9clench\u00e9 [&hellip;]<\/p>\n","protected":false},"author":1789,"featured_media":47307,"comment_status":"closed","ping_status":"closed","sticky":false,"template":"","format":"standard","meta":{"fifu_image_url":"","fifu_image_alt":"","footnotes":""},"categories":[73,55],"tags":[],"class_list":["post-47306","post","type-post","status-publish","format-standard","has-post-thumbnail","hentry","category-actualite","category-tunisie"],"_links":{"self":[{"href":"https:\/\/linitiative.ca\/International\/wp-json\/wp\/v2\/posts\/47306","targetHints":{"allow":["GET"]}}],"collection":[{"href":"https:\/\/linitiative.ca\/International\/wp-json\/wp\/v2\/posts"}],"about":[{"href":"https:\/\/linitiative.ca\/International\/wp-json\/wp\/v2\/types\/post"}],"author":[{"embeddable":true,"href":"https:\/\/linitiative.ca\/International\/wp-json\/wp\/v2\/users\/1789"}],"replies":[{"embeddable":true,"href":"https:\/\/linitiative.ca\/International\/wp-json\/wp\/v2\/comments?post=47306"}],"version-history":[{"count":0,"href":"https:\/\/linitiative.ca\/International\/wp-json\/wp\/v2\/posts\/47306\/revisions"}],"wp:featuredmedia":[{"embeddable":true,"href":"https:\/\/linitiative.ca\/International\/wp-json\/"}],"wp:attachment":[{"href":"https:\/\/linitiative.ca\/International\/wp-json\/wp\/v2\/media?parent=47306"}],"wp:term":[{"taxonomy":"category","embeddable":true,"href":"https:\/\/linitiative.ca\/International\/wp-json\/wp\/v2\/categories?post=47306"},{"taxonomy":"post_tag","embeddable":true,"href":"https:\/\/linitiative.ca\/International\/wp-json\/wp\/v2\/tags?post=47306"}],"curies":[{"name":"wp","href":"https:\/\/api.w.org\/{rel}","templated":true}]}}