{"id":47308,"date":"2019-07-19T17:02:59","date_gmt":"2019-07-19T21:02:59","guid":{"rendered":"https:\/\/linitiative.ca\/International\/tunisie-kasserine-annulation-de-la-decision-de-dissolution-du-conseil-municipal-del-ayoun\/"},"modified":"2019-07-19T17:02:59","modified_gmt":"2019-07-19T21:02:59","slug":"tunisie-kasserine-annulation-de-la-decision-de-dissolution-du-conseil-municipal-del-ayoun","status":"publish","type":"post","link":"https:\/\/linitiative.ca\/International\/tunisie-kasserine-annulation-de-la-decision-de-dissolution-du-conseil-municipal-del-ayoun\/","title":{"rendered":"Tunisie \u2013 Kasserine\u00a0: Annulation de la d\u00e9cision de dissolution du conseil municipal d\u2019El Ayoun"},"content":{"rendered":"<div class=\"post-cont-in left relative\">\n<div class=\"swp_social_panel swp_horizontal_panel swp_flat_fresh swp_default_full_color swp_individual_full_color swp_other_full_color scale-100 scale-\" data-min-width=\"1100\" data-float-color=\"#ffffff\" data-float=\"none\" data-float-mobile=\"none\" data-transition=\"slide\">\n<div class=\"nc_tweetContainer swp_share_button total_shares total_sharesalt\"><span class=\"swp_count\">1 <span class=\"swp_label\">Partages<\/span><\/span><\/div>\n<\/div>\n<p>Le pr\u00e9sident du conseil municipal d\u2019El Ayoun a obtenu, ce vendredi, le jugement du tribunal\u00a0 administratif, qui annule la d\u00e9cision de dissolution du conseil municipal d\u00e9cr\u00e9t\u00e9e par le gouverneur de Kasserine, suite \u00e0 la d\u00e9mission de la moiti\u00e9 de ses membres.<\/p>\n<p>Du coup, les \u00e9lections \u00a0qui \u00e9taient pr\u00e9vues pour le 18 ao\u00fbt courant, seront annul\u00e9es.<\/p>\n<div class=\"code-block code-block-1 c3\"><ins class=\"adsbygoogle c2\" data-ad-layout=\"in-article\" data-ad-format=\"fluid\" data-ad-client=\"ca-pub-2102118777505746\" data-ad-slot=\"7301775417\"\/> <\/div>\n<div class=\"mvp-org-wrap mvp-org-logo\" itemprop=\"publisher\" itemscope=\"\" itemtype=\"https:\/\/schema.org\/Organization\"><img decoding=\"async\" src=\"https:\/\/www.tunisienumerique.com\/wp-content\/uploads\/2017\/02\/logo_tunisie_numerique.png\"\/><\/div>\n<div class=\"swp_social_panel swp_horizontal_panel swp_flat_fresh swp_default_full_color swp_individual_full_color swp_other_full_color scale-100 scale-\" data-min-width=\"1100\" data-float-color=\"#ffffff\" data-float=\"none\" data-float-mobile=\"none\" data-transition=\"slide\">\n<div class=\"nc_tweetContainer swp_share_button total_shares total_sharesalt\"><span class=\"swp_count\">1 <span class=\"swp_label\">Partages<\/span><\/span><\/div>\n<\/div>\n<div class=\"mvp-related-posts left relative\">\n<h4 class=\"post-header\"><span class=\"post-header\">Lire aussi<\/span><\/h4>\n<\/div>\n<\/div>\n<p>Auteur: LM<br \/>\n<a href=\"https:\/\/www.tunisienumerique.com\/tunisie-kasserine-annulation-de-la-decision-de-dissolution-du-conseil-municipal-del-ayoun\/\">Cliquez ici pour lire l&rsquo;article depuis sa source.<\/a><\/p>\n","protected":false},"excerpt":{"rendered":"<p>1 Partages Le pr\u00e9sident du conseil municipal d\u2019El Ayoun a obtenu, ce vendredi, le jugement du tribunal\u00a0 administratif, qui annule la d\u00e9cision de dissolution du conseil municipal d\u00e9cr\u00e9t\u00e9e par le gouverneur de Kasserine, suite \u00e0 la d\u00e9mission de la moiti\u00e9 de ses membres. Du coup, les \u00e9lections \u00a0qui \u00e9taient pr\u00e9vues pour le 18 ao\u00fbt courant, [&hellip;]<\/p>\n","protected":false},"author":1789,"featured_media":47309,"comment_status":"closed","ping_status":"closed","sticky":false,"template":"","format":"standard","meta":{"fifu_image_url":"","fifu_image_alt":"","footnotes":""},"categories":[73,55],"tags":[],"class_list":["post-47308","post","type-post","status-publish","format-standard","has-post-thumbnail","hentry","category-actualite","category-tunisie"],"_links":{"self":[{"href":"https:\/\/linitiative.ca\/International\/wp-json\/wp\/v2\/posts\/47308","targetHints":{"allow":["GET"]}}],"collection":[{"href":"https:\/\/linitiative.ca\/International\/wp-json\/wp\/v2\/posts"}],"about":[{"href":"https:\/\/linitiative.ca\/International\/wp-json\/wp\/v2\/types\/post"}],"author":[{"embeddable":true,"href":"https:\/\/linitiative.ca\/International\/wp-json\/wp\/v2\/users\/1789"}],"replies":[{"embeddable":true,"href":"https:\/\/linitiative.ca\/International\/wp-json\/wp\/v2\/comments?post=47308"}],"version-history":[{"count":0,"href":"https:\/\/linitiative.ca\/International\/wp-json\/wp\/v2\/posts\/47308\/revisions"}],"wp:featuredmedia":[{"embeddable":true,"href":"https:\/\/linitiative.ca\/International\/wp-json\/"}],"wp:attachment":[{"href":"https:\/\/linitiative.ca\/International\/wp-json\/wp\/v2\/media?parent=47308"}],"wp:term":[{"taxonomy":"category","embeddable":true,"href":"https:\/\/linitiative.ca\/International\/wp-json\/wp\/v2\/categories?post=47308"},{"taxonomy":"post_tag","embeddable":true,"href":"https:\/\/linitiative.ca\/International\/wp-json\/wp\/v2\/tags?post=47308"}],"curies":[{"name":"wp","href":"https:\/\/api.w.org\/{rel}","templated":true}]}}