{"id":47312,"date":"2019-07-19T02:18:51","date_gmt":"2019-07-19T06:18:51","guid":{"rendered":"https:\/\/linitiative.ca\/International\/deces-de-detenus-a-lunite-anti-drogue-cest-inacceptable-le-president-du-faso\/"},"modified":"2019-07-19T02:18:51","modified_gmt":"2019-07-19T06:18:51","slug":"deces-de-detenus-a-lunite-anti-drogue-cest-inacceptable-le-president-du-faso","status":"publish","type":"post","link":"https:\/\/linitiative.ca\/International\/deces-de-detenus-a-lunite-anti-drogue-cest-inacceptable-le-president-du-faso\/","title":{"rendered":"D\u00e9c\u00e8s de d\u00e9tenus \u00e0 l\u2019Unit\u00e9 anti-drogue : \u00abC\u2019est inacceptable\u00bb, le pr\u00e9sident du Faso"},"content":{"rendered":"<div class=\"td-post-featured-image\"><a href=\"https:\/\/i2.wp.com\/www.sidwaya.info\/wp-content\/uploads\/2019\/07\/police.gif?fit=797%2C533&#038;ssl=1\" data-caption=\"\"><img loading=\"lazy\" decoding=\"async\" width=\"696\" height=\"465\" class=\"entry-thumb td-modal-image\" src=\"https:\/\/i2.wp.com\/www.sidwaya.info\/wp-content\/uploads\/2019\/07\/police.gif?resize=696%2C465&#038;ssl=1\" alt=\"\" title=\"police\"\/><\/a><\/div>\n<p><strong>Le chef de l\u2019Etat, Roch Marc Christian Kabor\u00e9, a pr\u00e9sid\u00e9 la sortie de la troisi\u00e8me promotion de l\u2019Acad\u00e9mie de police, le jeudi 18 juillet 2019 \u00e0 Pabr\u00e9, compos\u00e9e de 231 officiers. A l\u2019occasion, il a \u00e9voqu\u00e9 les sanctions prises \u00e0 l\u2019encontre de certains responsables de la police, \u00e0 la suite du d\u00e9c\u00e8s de onze d\u00e9tenus dans les locaux de l\u2019Unit\u00e9 anti-drogue.<\/strong><\/p>\n<p>Le commandement de la police nationale burkinab\u00e8 s\u2019est renforc\u00e9. L\u2019Acad\u00e9mie de police vient de mettre \u00e0 la disposition des services de la s\u00e9curit\u00e9, 200 officiers et 31 commissaires de police dont un commissaire tchadien. La sortie de cette troisi\u00e8me promotion de l\u2019Acad\u00e9mie est intervenue hier, jeudi 18 juillet 2019 au sein de l\u2019\u00e9cole \u00e0 Pabr\u00e9, en pr\u00e9sence du Pr\u00e9sident du Faso, Roch Marc Christian Kabor\u00e9.<\/p>\n<p>L\u2019ensemble des 231 imp\u00e9trants au d\u00e9part est pass\u00e9 haut les mains \u00e0 l\u2019issue des \u00e9valuations des diff\u00e9rents modules enseign\u00e9s. Les 31 \u00e9l\u00e8ves-commissaires de police ont obtenu une moyenne g\u00e9n\u00e9rale de 15,42\/20, tandis que les 200 officiers s\u2019en sortent avec 14,98. Les r\u00e9sultats \u00absatisfaisants\u00bb ont \u00e9t\u00e9 salu\u00e9s par le chef de l\u2019Etat. A l\u2019occasion, il a invit\u00e9 les futurs officiers et commissaires de police \u00e0 faire preuve de comp\u00e9tence, de probit\u00e9 et de loyaut\u00e9 vis-\u00e0-vis de l\u2019Etat, et de d\u00e9fense des citoyens.<\/p>\n<p>Cette sortie de promotion intervient dans un contexte o\u00f9 11 d\u00e9tenus ont trouv\u00e9 la mort \u00e0 l\u2019Unit\u00e9 anti-drogue de la police. Le pr\u00e9sident du Faso a jug\u00e9 une telle situation \u00abinacceptable\u00bb et rassur\u00e9 qu\u2019elle ne peut pas rester impunie. De ce fait, il a dit avoir instruit que des responsables de la cha\u00eene de commandement du service soient suspendues en attendant le constat du m\u00e9decin l\u00e9giste.<\/p>\n<p>Pour lui, un tel incident vient montrer que beaucoup de travail reste encore \u00e0 faire. \u00abLa police doit \u00eatre un pilier de la d\u00e9fense de l\u2019Etat de droit. Par cons\u00e9quent, elle doit \u00eatre respectueuse du droit\u00bb, a-t-il martel\u00e9.<\/p>\n<p>La 3e promotion a pris pour nom de bapt\u00eame \u00abR\u00e9silience\u00bb et a plac\u00e9 la c\u00e9r\u00e9monie de sortie sous le th\u00e8me : \u00abForces publiques de s\u00e9curit\u00e9 face \u00e0 la pr\u00e9vention et la gestion des conflits communautaires\u00bb.<\/p>\n<h3>\u00abNe soyez pas \u00e9loign\u00e9s de la troupe\u00bb<\/h3>\n<p><img loading=\"lazy\" decoding=\"async\" class=\"size-medium wp-image-10581\" src=\"https:\/\/i1.wp.com\/www.sidwaya.info\/wp-content\/uploads\/2019\/07\/droue.gif?resize=300%2C140&#038;ssl=1\" alt=\"\" width=\"300\" height=\"140\" srcset=\"https:\/\/i1.wp.com\/www.sidwaya.info\/wp-content\/uploads\/2019\/07\/droue.gif?resize=300%2C140&#038;ssl=1 300w, https:\/\/i1.wp.com\/www.sidwaya.info\/wp-content\/uploads\/2019\/07\/droue.gif?resize=768%2C359&#038;ssl=1 768w, https:\/\/i1.wp.com\/www.sidwaya.info\/wp-content\/uploads\/2019\/07\/droue.gif?resize=696%2C326&#038;ssl=1 696w, https:\/\/i1.wp.com\/www.sidwaya.info\/wp-content\/uploads\/2019\/07\/droue.gif?resize=898%2C420&#038;ssl=1 898w\" sizes=\"auto, (max-width: 300px) 100vw, 300px\" data-recalc-dims=\"1\"\/>Les 231 nouveaux officiers et commissaires de police se sont engag\u00e9s pour des victoires contre l\u2019ins\u00e9curit\u00e9.<\/p>\n<p>Pour r\u00e9ussir les missions qui leur seront assign\u00e9es, le ministre de la S\u00e9curit\u00e9, Ouss\u00e9ni Compaor\u00e9, a prodigu\u00e9 des conseils \u00e0 la promotion sortante. \u00abNe soyez pas des chefs \u00e9loign\u00e9s de la troupe. Attachez-vous \u00e0 commander par l\u2019exemple et soyez intraitables dans l\u2019application stricte des r\u00e8gles de commandement et de discipline g\u00e9n\u00e9rale\u00bb, a conseill\u00e9 le ministre Compaor\u00e9.<\/p>\n<p>Et son coll\u00e8gue du Commerce, de l\u2019Industrie et de l\u2019Artisanat, Harouna Kabor\u00e9, parrain de la promotion, d\u2019ajouter : \u00abil faut aussi cultiver l\u2019int\u00e9grit\u00e9 et surtout l\u2019humilit\u00e9\u00bb. A ses filleuls, il a aussi demand\u00e9 d\u2019avoir un esprit d\u2019entreprise et de s\u2019armer de courage dans leurs futures t\u00e2ches. Le directeur de l\u2019Acad\u00e9mie de police, le commissaire principal Edmond Tapsoba, a aussi invit\u00e9 les acad\u00e9miciens au devoir.<\/p>\n<p>\u00abLes attentes \u00e0 votre endroit sont nombreuses et pressantes. Sachez-le d\u00e8s \u00e0 pr\u00e9sent, les populations des villes et campagnes vont rapidement frapper \u00e0 vos portes. Vous n\u2019aurez donc pas de temps de gr\u00e2ce\u00bb, a-t-il indiqu\u00e9 tout en leur demandant de rester professionnels. M. Tapsoba a, par ailleurs, remerci\u00e9 les partenaires qui ont contribu\u00e9 \u00e0 la formation de ces cadres.<\/p>\n<p>Les imp\u00e9trants, par la voix de leur d\u00e9l\u00e9gu\u00e9, Go Daouda Traor\u00e9, disent avoir pris bonne note. \u00abVous pouvez \u00eatre s\u00fbrs que les \u00e9tudiants ont capitalis\u00e9 en connaissances et en comp\u00e9tences op\u00e9rationnelles. Nous t\u00e2cherons de rendre votre rigueur dans nos faits et gestes et surtout votre amour au travail bien fait\u00bb, a-t-il signifi\u00e9 au directeur de l\u2019\u00e9cole.<\/p>\n<p class=\"c1\"><strong>Abdoulaye BALBONE<\/strong><\/p>\n<div class=\"td-a-rec td-a-rec-id-content_bottom td_uid_30_5d3239ab2e877_rand td_block_template_1\"><img loading=\"lazy\" decoding=\"async\" class=\"aligncenter size-full wp-image-9623\" src=\"https:\/\/www.sidwaya.info\/wp-content\/uploads\/2019\/06\/Projet-bannie%CC%80re-Orange-mobile.jpg\" alt=\"\" width=\"728\" height=\"81\"\/><\/div>\n<p>Auteur: JK. Sidwaya<br \/>\n<a href=\"https:\/\/www.sidwaya.info\/blog\/2019\/07\/19\/deces-de-detenus-a-lunite-anti-drogue-cest-inacceptable-le-president-du-faso\/\">Cliquez ici pour lire l&rsquo;article depuis sa source.<\/a><\/p>\n","protected":false},"excerpt":{"rendered":"<p>Le chef de l\u2019Etat, Roch Marc Christian Kabor\u00e9, a pr\u00e9sid\u00e9 la sortie de la troisi\u00e8me promotion de l\u2019Acad\u00e9mie de police, le jeudi 18 juillet 2019 \u00e0 Pabr\u00e9, compos\u00e9e de 231 officiers. A l\u2019occasion, il a \u00e9voqu\u00e9 les sanctions prises \u00e0 l\u2019encontre de certains responsables de la police, \u00e0 la suite du d\u00e9c\u00e8s de onze d\u00e9tenus [&hellip;]<\/p>\n","protected":false},"author":1816,"featured_media":0,"comment_status":"closed","ping_status":"closed","sticky":false,"template":"","format":"standard","meta":{"fifu_image_url":"","fifu_image_alt":"","footnotes":""},"categories":[73,81],"tags":[],"class_list":["post-47312","post","type-post","status-publish","format-standard","hentry","category-actualite","category-burkina-faso"],"_links":{"self":[{"href":"https:\/\/linitiative.ca\/International\/wp-json\/wp\/v2\/posts\/47312","targetHints":{"allow":["GET"]}}],"collection":[{"href":"https:\/\/linitiative.ca\/International\/wp-json\/wp\/v2\/posts"}],"about":[{"href":"https:\/\/linitiative.ca\/International\/wp-json\/wp\/v2\/types\/post"}],"author":[{"embeddable":true,"href":"https:\/\/linitiative.ca\/International\/wp-json\/wp\/v2\/users\/1816"}],"replies":[{"embeddable":true,"href":"https:\/\/linitiative.ca\/International\/wp-json\/wp\/v2\/comments?post=47312"}],"version-history":[{"count":0,"href":"https:\/\/linitiative.ca\/International\/wp-json\/wp\/v2\/posts\/47312\/revisions"}],"wp:attachment":[{"href":"https:\/\/linitiative.ca\/International\/wp-json\/wp\/v2\/media?parent=47312"}],"wp:term":[{"taxonomy":"category","embeddable":true,"href":"https:\/\/linitiative.ca\/International\/wp-json\/wp\/v2\/categories?post=47312"},{"taxonomy":"post_tag","embeddable":true,"href":"https:\/\/linitiative.ca\/International\/wp-json\/wp\/v2\/tags?post=47312"}],"curies":[{"name":"wp","href":"https:\/\/api.w.org\/{rel}","templated":true}]}}